{"id":61889,"date":"2025-10-16T17:56:08","date_gmt":"2025-10-16T14:56:08","guid":{"rendered":"https:\/\/www.egemtv.com\/?p=61889"},"modified":"2025-10-16T17:56:21","modified_gmt":"2025-10-16T14:56:21","slug":"hapis-cezasiyla-aranan-sahis-sultanhisarda-yakalandi","status":"publish","type":"post","link":"https:\/\/www.egemtv.com\/?p=61889","title":{"rendered":"Hapis cezas\u0131yla aranan \u015fah\u0131s Sultanhisar\u2019da yakaland\u0131"},"content":{"rendered":"<p>Ayd\u0131n\u2019\u0131n Sultanhisar il\u00e7esinde 3 ayr\u0131 su\u00e7tan hapis cezas\u0131yla aranan \u015fah\u0131s, polis ekiplerince k\u0131sk\u0131vrak yakaland\u0131.<\/p>\n<p>Sultanhisar \u0130l\u00e7e Emniyet M\u00fcd\u00fcrl\u00fc\u011f\u00fc koordinesinde aranan \u015fah\u0131slar\u0131n yakalanmas\u0131na y\u00f6nelik y\u00fcr\u00fct\u00fclen \u00e7al\u0131\u015fmalar aral\u0131ks\u0131z devam ediyor. Edinilen bilgiye g\u00f6re yap\u0131lan \u00e7al\u0131\u015fmalar sonucunda ekipler, \u2019Fuhu\u015fa te\u015fvik veya yapt\u0131rmak, fuhu\u015fa arac\u0131l\u0131k etmek ve yer temin etmek, kad\u0131na kar\u015f\u0131 kasten yaralama\u2019 su\u00e7lar\u0131ndan 15 y\u0131l kesinle\u015fmi\u015f hapis cezas\u0131 ile aranan L.O. isimli \u015fahs\u0131n il\u00e7ede oldu\u011funu tespit etti. Operasyon i\u00e7in d\u00fc\u011fmeye basan ekipler, \u015f\u00fcpheliyi k\u0131sk\u0131vrak yakalad\u0131. G\u00f6zalt\u0131na al\u0131nan \u015f\u00fcpheli gerekli i\u015flemlerinin ard\u0131ndan sevk edildi\u011fi adli makamlarca tutuklanarak cezaevine g\u00f6nderildi.<br \/><\/p>\n","protected":false},"excerpt":{"rendered":"<p>Ayd\u0131n\u2019\u0131n Sultanhisar il\u00e7esinde 3 ayr\u0131 su\u00e7tan hapis cezas\u0131yla aranan \u015fah\u0131s, polis ekiplerince k\u0131sk\u0131vrak yakaland\u0131. Sultanhisar \u0130l\u00e7e Emniyet M\u00fcd\u00fcrl\u00fc\u011f\u00fc koordinesinde aranan \u015fah\u0131slar\u0131n yakalanmas\u0131na y\u00f6nelik y\u00fcr\u00fct\u00fclen \u00e7al\u0131\u015fmalar aral\u0131ks\u0131z devam ediyor. Edinilen bilgiye g\u00f6re yap\u0131lan \u00e7al\u0131\u015fmalar sonucunda ekipler, \u2019Fuhu\u015fa te\u015fvik veya yapt\u0131rmak, fuhu\u015fa arac\u0131l\u0131k etmek ve yer temin etmek, kad\u0131na kar\u015f\u0131 kasten yaralama\u2019 su\u00e7lar\u0131ndan 15 y\u0131l kesinle\u015fmi\u015f hapis&#8230;<\/p>\n","protected":false},"author":1,"featured_media":61890,"comment_status":"open","ping_status":"open","sticky":false,"template":"","format":"standard","meta":{"_crdt_document":"","footnotes":""},"categories":[5],"tags":[],"class_list":["post-61889","post","type-post","status-publish","format-standard","has-post-thumbnail","hentry","category-asayis"],"_links":{"self":[{"href":"https:\/\/www.egemtv.com\/index.php?rest_route=\/wp\/v2\/posts\/61889","targetHints":{"allow":["GET"]}}],"collection":[{"href":"https:\/\/www.egemtv.com\/index.php?rest_route=\/wp\/v2\/posts"}],"about":[{"href":"https:\/\/www.egemtv.com\/index.php?rest_route=\/wp\/v2\/types\/post"}],"author":[{"embeddable":true,"href":"https:\/\/www.egemtv.com\/index.php?rest_route=\/wp\/v2\/users\/1"}],"replies":[{"embeddable":true,"href":"https:\/\/www.egemtv.com\/index.php?rest_route=%2Fwp%2Fv2%2Fcomments&post=61889"}],"version-history":[{"count":1,"href":"https:\/\/www.egemtv.com\/index.php?rest_route=\/wp\/v2\/posts\/61889\/revisions"}],"predecessor-version":[{"id":61891,"href":"https:\/\/www.egemtv.com\/index.php?rest_route=\/wp\/v2\/posts\/61889\/revisions\/61891"}],"wp:featuredmedia":[{"embeddable":true,"href":"https:\/\/www.egemtv.com\/index.php?rest_route=\/wp\/v2\/media\/61890"}],"wp:attachment":[{"href":"https:\/\/www.egemtv.com\/index.php?rest_route=%2Fwp%2Fv2%2Fmedia&parent=61889"}],"wp:term":[{"taxonomy":"category","embeddable":true,"href":"https:\/\/www.egemtv.com\/index.php?rest_route=%2Fwp%2Fv2%2Fcategories&post=61889"},{"taxonomy":"post_tag","embeddable":true,"href":"https:\/\/www.egemtv.com\/index.php?rest_route=%2Fwp%2Fv2%2Ftags&post=61889"}],"curies":[{"name":"wp","href":"https:\/\/api.w.org\/{rel}","templated":true}]}}