{"id":61886,"date":"2025-10-16T17:35:53","date_gmt":"2025-10-16T14:35:53","guid":{"rendered":"https:\/\/www.egemtv.com\/?p=61886"},"modified":"2025-10-16T17:35:58","modified_gmt":"2025-10-16T14:35:58","slug":"baskan-arastan-brukselde-demokrasi-iklim-ve-surdurulebilirlik-temaslari","status":"publish","type":"post","link":"https:\/\/www.egemtv.com\/?p=61886","title":{"rendered":"Ba\u015fkan Aras\u2019tan Br\u00fcksel\u2019de demokrasi, iklim ve s\u00fcrd\u00fcr\u00fclebilirlik temaslar\u0131"},"content":{"rendered":"<p>Mu\u011fla B\u00fcy\u00fck\u015fehir Belediye Ba\u015fkan\u0131 Ahmet Aras, Avrupa Birli\u011fi kurumlar\u0131n\u0131n kalbi olan Br\u00fcksel\u2019de bir dizi \u00f6nemli temasta bulundu. Avrupa Parlamentosu, Avrupa B\u00f6lgeler Komitesi ve Br\u00fcksel Ba\u015fkent B\u00f6lgesi nezdinde ger\u00e7ekle\u015ftirilen g\u00f6r\u00fc\u015fmelerde; demokrasi, s\u00fcrd\u00fcr\u00fclebilir kalk\u0131nma, iklim diplomasisi ve k\u00fclt\u00fcrel i\u015f birli\u011fi ba\u015fl\u0131klar\u0131 masaya yat\u0131r\u0131ld\u0131.<br \/>\n<br \/>Ba\u015fkan Aras, Avrupa\u2019daki yerel y\u00f6netim a\u011flar\u0131n\u0131n g\u00fc\u00e7lenmesinin kentler aras\u0131 dayan\u0131\u015fmay\u0131 art\u0131rd\u0131\u011f\u0131n\u0131 belirterek, \u015fehirlerin art\u0131k iklim politikalar\u0131nda yaln\u0131zca uygulay\u0131c\u0131 de\u011fil, k\u00fcresel akt\u00f6r olarak karar s\u00fcre\u00e7lerinde yer almas\u0131 gerekti\u011fini ifade etti.<br \/>\n<br \/>Mu\u011fla, Avrupa yerel y\u00f6netimleriyle demokrasi ekseninde bulu\u015ftu<br \/>\n<br \/>Mu\u011fla B\u00fcy\u00fck\u015fehir Belediye Ba\u015fkan\u0131 Ahmet Aras, Bel\u00e7ika\u2019n\u0131n ba\u015fkenti Br\u00fcksel\u2019de Avrupa Parlamentosu T\u00fcrkiye Raport\u00f6r\u00fc ve Sosyalistler ve Demokratlar (S&amp;D) Grubu \u00dcyesi Nacho Sanchez Amor ile bir toplant\u0131 ger\u00e7ekle\u015ftirdi. Toplant\u0131da T\u00fcrkiye\u2019nin genel siyasi durumu, demokrasi ve T\u00fcrkiye-Avrupa Birli\u011fi ili\u015fkilerinin gelece\u011fi ele al\u0131nd\u0131. G\u00f6r\u00fc\u015fmede ayr\u0131ca yerel y\u00f6netimlerin demokratik s\u00fcre\u00e7lerdeki belirleyici rol\u00fc ve yerel demokrasinin g\u00fc\u00e7lendirilmesinin toplumsal geli\u015fim a\u00e7\u0131s\u0131ndan ta\u015f\u0131d\u0131\u011f\u0131 \u00f6nem vurguland\u0131.<br \/>\n<br \/>Yerel y\u00f6netimler AB s\u00fcrecinde anahtar konumda<br \/>\n<br \/>Ba\u015fkan  Aras, toplant\u0131da  Avrupa Birli\u011fi s\u00fcrecinin yeniden canland\u0131r\u0131lmas\u0131nda yerel y\u00f6netimlerle kurulacak g\u00fc\u00e7l\u00fc i\u015f birliklerinin hayati rol oynayaca\u011f\u0131n\u0131 ifade etti. G\u00f6r\u00fc\u015fmede ayr\u0131ca uluslararas\u0131 finansal kaynaklara eri\u015fim, ye\u015fil d\u00f6n\u00fc\u015f\u00fcm ve s\u00fcrd\u00fcr\u00fclebilir kalk\u0131nma projeleri gibi alanlarda ger\u00e7ekle\u015ftirilebilecek ortak \u00e7al\u0131\u015fmalar da de\u011ferlendirildi.<br \/>\n<br \/>Mu\u011fla\u2019n\u0131n K\u00fclt\u00fcrel Miras\u0131 Avrupa\u2019da tan\u0131t\u0131ld\u0131<br \/>\n<br \/>Ba\u015fkan Aras, Br\u00fcksel temaslar\u0131 kapsam\u0131nda ayr\u0131ca Avrupa B\u00f6lgesel Komitesi\u2019nde PES Grubu Ba\u015fkan\u0131 Luca Menesini ile bir g\u00f6r\u00fc\u015fme ger\u00e7ekle\u015ftirdi.<br \/>\n<br \/>G\u00f6r\u00fc\u015fmede, T\u00fcrkiye\u2019nin \u00f6nemli kentlerinden biri olarak Mu\u011fla\u2019n\u0131n stratejik konumu ve b\u00f6lgesel \u00f6nemi vurguland\u0131. Temaslarda Avrupa B\u00f6lgeler Komitesi (CoR) ve PES b\u00fcnyesinde geli\u015ftirilebilecek i\u015f birli\u011fi alanlar\u0131 \u00fczerinde duruldu.<br \/>\n<br \/>S\u00fcrd\u00fcr\u00fclebilir Turizm ve \u00c7evre temelli i\u015fbirli\u011fi<br \/>\n<br \/>Toplant\u0131da Mu\u011fla\u2019n\u0131n turizm potansiyeli, k\u00fclt\u00fcrel miras\u0131 ve bat\u0131ya a\u00e7\u0131k, i\u015f birli\u011fine haz\u0131r kent kimli\u011fi \u00f6ne \u00e7\u0131kt\u0131. &#8220;Mu\u011fla\u2019n\u0131n K\u00fclt\u00fcrel Miras\u0131 (Legacy of Mu\u011fla)&#8221; temas\u0131 \u00e7er\u00e7evesinde kentin tarihi ve k\u00fclt\u00fcrel zenginliklerine at\u0131fta bulunuldu. Akdeniz havzas\u0131ndaki kentler aras\u0131nda \u00e7evre, s\u00fcrd\u00fcr\u00fclebilir turizm, k\u00fclt\u00fcrel de\u011fi\u015fim ve iklim dostu politikalar temelinde ortak i\u015f birli\u011finin g\u00fc\u00e7lendirilmesinin \u00f6nemi vurguland\u0131.<br \/>\n<br \/>Ba\u015fkan Aras COP30 \u00d6ncesi Avrupa \u0130klim zirvesinde konu\u015ftu<br \/>\n<br \/>Mu\u011fla B\u00fcy\u00fck\u015fehir Belediye Ba\u015fkan\u0131 Ahmet Aras, Avrupa B\u00f6lgeler ve \u015eehirler Haftas\u0131 kapsam\u0131nda Bel\u00e7ika\u2019n\u0131n ba\u015fkenti Br\u00fcksel\u2019de d\u00fczenlenen &#8220;COP30 \u00d6ncesinde K\u00fcresel \u0130klim Eylemini \u015eekillendiren \u015eehirler ve B\u00f6lgeler &#8211; Cities and Regions Shaping Global Climate Action ahead of COP30&#8221; ba\u015fl\u0131kl\u0131 oturumda konu\u015fmac\u0131 olarak yer ald\u0131.<br \/>\n<br \/>Mu\u011fla 2050 \u0130\u00e7in &#8220;\u0130klim N\u00f6tr Kent&#8221; hedefiyle ilerliyor<br \/>\n<br \/>Konu\u015fmas\u0131nda, Mu\u011fla B\u00fcy\u00fck\u015fehir Belediyesi taraf\u0131ndan d\u00fczenlenen Town Hall COP ( Yerel Taraflar Konferans\u0131) toplant\u0131s\u0131n\u0131n \u00f6nemine de\u011finen Ba\u015fkan Aras, kentin 2050 y\u0131l\u0131na kadar iklim n\u00f6tr olma hedefini payla\u015ft\u0131.<br \/>\n<br \/>Ba\u015fkan Aras\u2019tan Br\u00fcksel Ba\u015fkent B\u00f6lgesi ile S\u00fcrd\u00fcr\u00fclebilir \u0130\u015f Birli\u011fi G\u00f6r\u00fc\u015fmesi<br \/>\n<br \/>Mu\u011fla B\u00fcy\u00fck\u015fehir Belediye Ba\u015fkan\u0131 Ahmet Aras, Br\u00fcksel temaslar\u0131 kapsam\u0131nda Br\u00fcksel Ba\u015fkent B\u00f6lgesi Ba\u015fkan\u0131 Rudi Vervoort ile bir araya geldi. Toplant\u0131da, Br\u00fcksel\u2019de Mu\u011fla\u2019n\u0131n g\u00f6r\u00fcn\u00fcrl\u00fc\u011f\u00fcn\u00fc art\u0131racak k\u00fclt\u00fcrel ve turizm odakl\u0131 etkinliklerin ortakla\u015fa d\u00fczenlenmesi konusunda fikir al\u0131\u015fveri\u015finde bulunuldu.<br \/>\n<br \/>Ba\u015fkan Aras: &#8220;Mu\u011fla, yerelden k\u00fcresele uzanan d\u00f6n\u00fc\u015f\u00fcm\u00fcn par\u00e7as\u0131 olacak&#8221;<br \/>\n<br \/>Kapan\u0131\u015fta de\u011ferlendirmelerde bulunan Mu\u011fla B\u00fcy\u00fck\u015fehir Belediye Ba\u015fkan\u0131 Ahmet Aras, Br\u00fcksel temaslar\u0131n\u0131n yaln\u0131zca diplomatik bir ziyaret de\u011fil, ayn\u0131 zamanda Mu\u011fla\u2019n\u0131n Avrupa vizyonunu g\u00fc\u00e7lendiren stratejik bir ad\u0131m oldu\u011funu vurgulad\u0131.<br \/>\n<br \/>&#8220;Avrupa\u2019n\u0131n gelece\u011fini \u015fekillendiren kentler aras\u0131nda yer almak, Mu\u011fla\u2019n\u0131n potansiyeline, do\u011fas\u0131na ve insan\u0131na duydu\u011fumuz inanc\u0131n bir yans\u0131mas\u0131d\u0131r. Biz, yerel y\u00f6netimlerin uluslararas\u0131 i\u015f birlikleriyle \u00e7ok daha g\u00fc\u00e7l\u00fc ve dayan\u0131kl\u0131 hale gelece\u011fine inan\u0131yoruz. Mu\u011fla olarak, ye\u015fil d\u00f6n\u00fc\u015f\u00fcmden k\u00fclt\u00fcrel miras\u0131n korunmas\u0131na, demokratik kat\u0131l\u0131mdan s\u00fcrd\u00fcr\u00fclebilir turizme kadar her alanda Avrupa kentleriyle ortak bir gelecek in\u015fa etmeye kararl\u0131y\u0131z. \u0130klim krizinin \u00f6n cephesinde yer alan kentimiz, bu s\u00fcrecin yaln\u0131zca bir izleyicisi de\u011fil; \u00e7\u00f6z\u00fcm\u00fcn, de\u011fi\u015fimin ve umudun aktif bir temsilcisidir. Mu\u011fla, yerelden k\u00fcresele uzanan bu d\u00f6n\u00fc\u015f\u00fcm\u00fcn bir par\u00e7as\u0131 olmaya devam edecek&#8221;<br \/><\/p>\n","protected":false},"excerpt":{"rendered":"<p>Mu\u011fla B\u00fcy\u00fck\u015fehir Belediye Ba\u015fkan\u0131 Ahmet Aras, Avrupa Birli\u011fi kurumlar\u0131n\u0131n kalbi olan Br\u00fcksel\u2019de bir dizi \u00f6nemli temasta bulundu. Avrupa Parlamentosu, Avrupa B\u00f6lgeler Komitesi ve Br\u00fcksel Ba\u015fkent B\u00f6lgesi nezdinde ger\u00e7ekle\u015ftirilen g\u00f6r\u00fc\u015fmelerde; demokrasi, s\u00fcrd\u00fcr\u00fclebilir kalk\u0131nma, iklim diplomasisi ve k\u00fclt\u00fcrel i\u015f birli\u011fi ba\u015fl\u0131klar\u0131 masaya yat\u0131r\u0131ld\u0131. Ba\u015fkan Aras, Avrupa\u2019daki yerel y\u00f6netim a\u011flar\u0131n\u0131n g\u00fc\u00e7lenmesinin kentler aras\u0131 dayan\u0131\u015fmay\u0131 art\u0131rd\u0131\u011f\u0131n\u0131 belirterek, \u015fehirlerin art\u0131k&#8230;<\/p>\n","protected":false},"author":1,"featured_media":61887,"comment_status":"open","ping_status":"open","sticky":false,"template":"","format":"standard","meta":{"_crdt_document":"","footnotes":""},"categories":[127],"tags":[],"class_list":["post-61886","post","type-post","status-publish","format-standard","has-post-thumbnail","hentry","category-siyaset"],"_links":{"self":[{"href":"https:\/\/www.egemtv.com\/index.php?rest_route=\/wp\/v2\/posts\/61886","targetHints":{"allow":["GET"]}}],"collection":[{"href":"https:\/\/www.egemtv.com\/index.php?rest_route=\/wp\/v2\/posts"}],"about":[{"href":"https:\/\/www.egemtv.com\/index.php?rest_route=\/wp\/v2\/types\/post"}],"author":[{"embeddable":true,"href":"https:\/\/www.egemtv.com\/index.php?rest_route=\/wp\/v2\/users\/1"}],"replies":[{"embeddable":true,"href":"https:\/\/www.egemtv.com\/index.php?rest_route=%2Fwp%2Fv2%2Fcomments&post=61886"}],"version-history":[{"count":1,"href":"https:\/\/www.egemtv.com\/index.php?rest_route=\/wp\/v2\/posts\/61886\/revisions"}],"predecessor-version":[{"id":61888,"href":"https:\/\/www.egemtv.com\/index.php?rest_route=\/wp\/v2\/posts\/61886\/revisions\/61888"}],"wp:featuredmedia":[{"embeddable":true,"href":"https:\/\/www.egemtv.com\/index.php?rest_route=\/wp\/v2\/media\/61887"}],"wp:attachment":[{"href":"https:\/\/www.egemtv.com\/index.php?rest_route=%2Fwp%2Fv2%2Fmedia&parent=61886"}],"wp:term":[{"taxonomy":"category","embeddable":true,"href":"https:\/\/www.egemtv.com\/index.php?rest_route=%2Fwp%2Fv2%2Fcategories&post=61886"},{"taxonomy":"post_tag","embeddable":true,"href":"https:\/\/www.egemtv.com\/index.php?rest_route=%2Fwp%2Fv2%2Ftags&post=61886"}],"curies":[{"name":"wp","href":"https:\/\/api.w.org\/{rel}","templated":true}]}}