{"id":61883,"date":"2025-10-16T17:35:44","date_gmt":"2025-10-16T14:35:44","guid":{"rendered":"https:\/\/www.egemtv.com\/?p=61883"},"modified":"2025-10-16T17:35:48","modified_gmt":"2025-10-16T14:35:48","slug":"calinti-motosikletle-kaza-yapti-polisten-kacamadi","status":"publish","type":"post","link":"https:\/\/www.egemtv.com\/?p=61883","title":{"rendered":"\u00c7al\u0131nt\u0131 motosikletle kaza yapt\u0131, polisten ka\u00e7amad\u0131"},"content":{"rendered":"<p>Ayd\u0131n\u2019\u0131n S\u00f6ke il\u00e7esinde meydana gelen olayda, kaza yapan motosiklet s\u00fcr\u00fcc\u00fcs\u00fc yaral\u0131 olmas\u0131na ra\u011fmen polis ekiplerini g\u00f6r\u00fcnce ka\u00e7maya ba\u015flad\u0131. Polis taraf\u0131ndan yakalanan s\u00fcr\u00fcc\u00fcn\u00fcn \u00e7e\u015fitli su\u00e7lardan arand\u0131\u011f\u0131 ve motosikletinin de \u00e7al\u0131nt\u0131 oldu\u011fu ortaya \u00e7\u0131kt\u0131.<\/p>\n<p>Olay, Yenicami Mahallesi Ba\u011faras\u0131 Caddesi \u00fczerinde ya\u015fand\u0131. M.B.T. isimli s\u00fcr\u00fcc\u00fc, kulland\u0131\u011f\u0131 motosikletle kaza yapt\u0131. Hafif \u015fekilde yaralanan s\u00fcr\u00fcc\u00fc, trafik ekiplerini g\u00f6r\u00fcnce motosikletini olay yerinde b\u0131rak\u0131p eski otob\u00fcs terminali y\u00f6n\u00fcne do\u011fru yaya olarak ka\u00e7maya ba\u015flad\u0131. Durumu fark eden trafik polisleri, yaya olarak s\u00fcr\u00fcc\u00fcn\u00fcn pe\u015fine d\u00fc\u015ft\u00fc ve k\u0131sa s\u00fcrede yakalad\u0131. Yaral\u0131 oldu\u011fu anla\u015f\u0131lan M.B.T. i\u00e7in sa\u011fl\u0131k ekipleri olay yerine \u00e7a\u011fr\u0131ld\u0131. Polis ekipleri, s\u00fcr\u00fcc\u00fcn\u00fcn neden ka\u00e7t\u0131\u011f\u0131n\u0131 ara\u015ft\u0131r\u0131nca dikkat \u00e7ekici bir tablo ortaya \u00e7\u0131kt\u0131. Yap\u0131lan kimlik sorgusunda M.B.T.\u2019nin \u00e7e\u015fitli su\u00e7lardan dolay\u0131 \u0130zmir Emniyet M\u00fcd\u00fcrl\u00fc\u011f\u00fc taraf\u0131ndan arand\u0131\u011f\u0131 belirlendi. Motosikletin \u015fase numaras\u0131 \u00fczerinden yap\u0131lan incelemede ise arac\u0131n \u00e7al\u0131nt\u0131 oldu\u011fu ortaya \u00e7\u0131kt\u0131.<br \/>\n<br \/>S\u00f6ke Emniyet M\u00fcd\u00fcrl\u00fc\u011f\u00fc ekiplerinin dikkati ve h\u0131zl\u0131 takibi sayesinde hem \u00e7al\u0131nt\u0131 motosiklet ele ge\u00e7irildi hem de aranan \u015fah\u0131s yakaland\u0131. Olayla ilgili soru\u015fturma s\u00fcr\u00fcyor.<br \/><\/p>\n","protected":false},"excerpt":{"rendered":"<p>Ayd\u0131n\u2019\u0131n S\u00f6ke il\u00e7esinde meydana gelen olayda, kaza yapan motosiklet s\u00fcr\u00fcc\u00fcs\u00fc yaral\u0131 olmas\u0131na ra\u011fmen polis ekiplerini g\u00f6r\u00fcnce ka\u00e7maya ba\u015flad\u0131. Polis taraf\u0131ndan yakalanan s\u00fcr\u00fcc\u00fcn\u00fcn \u00e7e\u015fitli su\u00e7lardan arand\u0131\u011f\u0131 ve motosikletinin de \u00e7al\u0131nt\u0131 oldu\u011fu ortaya \u00e7\u0131kt\u0131. Olay, Yenicami Mahallesi Ba\u011faras\u0131 Caddesi \u00fczerinde ya\u015fand\u0131. M.B.T. isimli s\u00fcr\u00fcc\u00fc, kulland\u0131\u011f\u0131 motosikletle kaza yapt\u0131. Hafif \u015fekilde yaralanan s\u00fcr\u00fcc\u00fc, trafik ekiplerini g\u00f6r\u00fcnce motosikletini olay&#8230;<\/p>\n","protected":false},"author":1,"featured_media":61884,"comment_status":"open","ping_status":"open","sticky":false,"template":"","format":"standard","meta":{"_crdt_document":"","footnotes":""},"categories":[5],"tags":[],"class_list":["post-61883","post","type-post","status-publish","format-standard","has-post-thumbnail","hentry","category-asayis"],"_links":{"self":[{"href":"https:\/\/www.egemtv.com\/index.php?rest_route=\/wp\/v2\/posts\/61883","targetHints":{"allow":["GET"]}}],"collection":[{"href":"https:\/\/www.egemtv.com\/index.php?rest_route=\/wp\/v2\/posts"}],"about":[{"href":"https:\/\/www.egemtv.com\/index.php?rest_route=\/wp\/v2\/types\/post"}],"author":[{"embeddable":true,"href":"https:\/\/www.egemtv.com\/index.php?rest_route=\/wp\/v2\/users\/1"}],"replies":[{"embeddable":true,"href":"https:\/\/www.egemtv.com\/index.php?rest_route=%2Fwp%2Fv2%2Fcomments&post=61883"}],"version-history":[{"count":1,"href":"https:\/\/www.egemtv.com\/index.php?rest_route=\/wp\/v2\/posts\/61883\/revisions"}],"predecessor-version":[{"id":61885,"href":"https:\/\/www.egemtv.com\/index.php?rest_route=\/wp\/v2\/posts\/61883\/revisions\/61885"}],"wp:featuredmedia":[{"embeddable":true,"href":"https:\/\/www.egemtv.com\/index.php?rest_route=\/wp\/v2\/media\/61884"}],"wp:attachment":[{"href":"https:\/\/www.egemtv.com\/index.php?rest_route=%2Fwp%2Fv2%2Fmedia&parent=61883"}],"wp:term":[{"taxonomy":"category","embeddable":true,"href":"https:\/\/www.egemtv.com\/index.php?rest_route=%2Fwp%2Fv2%2Fcategories&post=61883"},{"taxonomy":"post_tag","embeddable":true,"href":"https:\/\/www.egemtv.com\/index.php?rest_route=%2Fwp%2Fv2%2Ftags&post=61883"}],"curies":[{"name":"wp","href":"https:\/\/api.w.org\/{rel}","templated":true}]}}