{"id":61880,"date":"2025-10-16T17:35:28","date_gmt":"2025-10-16T14:35:28","guid":{"rendered":"https:\/\/www.egemtv.com\/?p=61880"},"modified":"2025-10-16T17:35:37","modified_gmt":"2025-10-16T14:35:37","slug":"kantincinin-oglu-muduru-ceza-ve-tahliye-karari-icin-vurmus","status":"publish","type":"post","link":"https:\/\/www.egemtv.com\/?p=61880","title":{"rendered":"Kantincinin o\u011flu, m\u00fcd\u00fcr\u00fc ceza ve tahliye karar\u0131 i\u00e7in vurmu\u015f"},"content":{"rendered":"<p>Denizli\u2019de \u00f6\u011frencilerini taciz etti\u011fi ve kendisine &#8220;Kan akacak&#8221; diyerek tehdit etmesi \u00fczerine kantin i\u015fletmecisinin o\u011flu hakk\u0131nda \u015fikayette bulunan okul m\u00fcd\u00fcr\u00fcn\u00fcn silahl\u0131 sald\u0131r\u0131ya u\u011framas\u0131 hakk\u0131nda e\u011fitimciler eylem yapt\u0131.<br \/>\n<br \/>Denizli\u2019de sabah saatlerinde \u00e7ocuklar\u0131yla birlikte okula gitmek i\u00e7in arac\u0131na binmek \u00fczere olan 19 May\u0131s \u0130lkokulu M\u00fcd\u00fcr\u00fc Feyzi \u00d6zmen, kantin i\u015fletmecisinin o\u011flu K.K. (17), taraf\u0131ndan silahl\u0131 sald\u0131r\u0131ya u\u011frayarak yaraland\u0131. Okul M\u00fcd\u00fcr\u00fc Feyzi \u00d6zmen\u2019in Nisan ay\u0131 ba\u015flar\u0131nda kendisine \u00f6\u011frencilerin taciz edildi\u011fi iddias\u0131 \u00fczerine \u00f6\u011frenci ve velilerin emniyete giderek \u015fikayet\u00e7i olmalar\u0131n\u0131 \u00f6nermesi \u00fczerine kantin i\u015fletmecisi taraf\u0131ndan odas\u0131nda tehdit edildi\u011fi \u00f6\u011frenildi. Silahl\u0131 sald\u0131r\u0131 olay\u0131n\u0131n \u015f\u00fcphelisinin annesi ve ayn\u0131 zamanda kantin i\u015fletmecisi okul m\u00fcd\u00fcr\u00fc Feyzi \u00d6zmen\u2019in odas\u0131na giderek &#8220;O\u011flumu zor zapt ediyorum. Senin y\u00fcz\u00fcnden kan akacak&#8221; diyerek tehdit etti\u011fi, \u00d6zmen\u2019in ise bu tehditler \u00fczerine Cumhuriyet Savc\u0131l\u0131\u011f\u0131na giderek \u015fikayet\u00e7i oldu\u011fu ifade edildi. Okul M\u00fcd\u00fcr\u00fc \u00d6zmen\u2019in \u015fikayeti \u00fczerine kantin i\u015fletmecisinin o\u011flu K.K.\u2019n\u0131n hafta ba\u015f\u0131nda 5 ayl\u0131k cezas\u0131n\u0131n kesinle\u015fti\u011fi, kaymakaml\u0131k taraf\u0131ndan ise gelen yaz\u0131yla da bu hafta i\u00e7erisinde kantinin tahliyesine karar verildi\u011fi \u00f6\u011frenildi.<\/p>\n<p>Hem ceza hem tahliye karar\u0131 sonras\u0131 olay\u0131 ger\u00e7ekle\u015ftirdi\u011fi de\u011ferlendiriliyor<br \/>\n<br \/>Okul M\u00fcd\u00fcr\u00fc Feyzi \u00d6zmen\u2019in tehdit edilmesi \u00fczerine yap\u0131lan \u015fikayet sonras\u0131 sonu\u00e7lanan davada ceza alan K.K., kantinin tahliye karar\u0131 verilmesi \u00fczerine sabah saatlerinde Feyzi \u00d6zmen\u2019i bir s\u00fcre takip etti\u011fi, evine gitti\u011fi, bug\u00fcn sabah ise \u00e7ocuklar\u0131n\u0131n g\u00f6z\u00fcn\u00fcn \u00f6n\u00fcnde planl\u0131 olarak okul m\u00fcd\u00fcr\u00fc \u00d6zmen\u2019e silahl\u0131 sald\u0131r\u0131y\u0131 ger\u00e7ekle\u015ftirdi\u011fi \u00f6\u011frenildi.<\/p>\n<p>E\u011fitimciler meslekta\u015flar\u0131 i\u00e7in okul \u00f6n\u00fcnde topland\u0131<br \/>\n<br \/>Silahl\u0131 sald\u0131r\u0131ya u\u011frayan okul m\u00fcd\u00fcr\u00fc Feyzi \u00d6zmen i\u00e7in meslekta\u015flar\u0131 19 May\u0131s \u0130lkokulu \u00f6n\u00fcnde bir araya geldi. \u00c7ok say\u0131da e\u011fitimci bir araya gelerek bas\u0131n bildirisi yay\u0131nlad\u0131. Grup ad\u0131na a\u00e7\u0131klama yapan E\u011fitim-Bir-Sen Denizli \u015eube Ba\u015fkan\u0131 Feyzullah \u00d6selmi\u015f, &#8220;19 May\u0131s \u0130lkokulu okul M\u00fcd\u00fcr\u00fcm\u00fcz ve ayn\u0131 zamanda E\u011fitim Bir Sen y\u00f6netim kurulu \u00fcyemiz Feyzi \u00d6zmen, daha \u00f6nce okulun ve \u00f6\u011frencinin g\u00fcvenli\u011fini sa\u011flamak i\u00e7in okul kantin i\u015fletmecisi ve o\u011flu ile alakal\u0131 tutanaklar tutmu\u015f, \u015fikayet\u00e7i olmu\u015f, konu \u00e7e\u015fitli makamlarca soru\u015fturulmu\u015f mahkemeye aksetmi\u015f ve ilgililer ceza alm\u0131\u015ft\u0131r. Bu olaylar \u00fczerine bug\u00fcn sabah saatlerinde, evinin \u00f6n\u00fcnde, \u00e7ocuklar\u0131n\u0131n yan\u0131nda kantin i\u015fletmecisinin o\u011flu taraf\u0131ndan silahl\u0131 sald\u0131r\u0131 sonucu yaralanm\u0131\u015ft\u0131r. Bu vah\u015fi sald\u0131r\u0131, yaln\u0131zca bir e\u011fitimciye de\u011fil, t\u00fcm e\u011fitim camias\u0131na, \u00e7ocuklar\u0131m\u0131z\u0131n g\u00fcvenli\u011fine ve kamu vicdan\u0131na y\u00f6nelmi\u015f bir tehdittir. Bu olay ne ilk ne de bu gidi\u015fle maalesef son olacakt\u0131r. Son y\u0131llarda e\u011fitimcilere y\u00f6nelik \u015fiddet olaylar\u0131 artarak devam etmektedir. \u00d6\u011fretmenler s\u0131n\u0131flarda, idareciler koridorlarda, okul \u00f6nlerinde tehdit alt\u0131nda \u00e7al\u0131\u015fmak zorunda b\u0131rak\u0131lmaktad\u0131r. \u00d6\u011fretmenlik mesle\u011finin itibar\u0131 artt\u0131r\u0131lmal\u0131, e\u011fitim \u00e7al\u0131\u015fanlar\u0131m\u0131z sald\u0131r\u0131lara a\u00e7\u0131k, korumas\u0131z, korunaks\u0131z, g\u00fcvensiz b\u0131rak\u0131lmamal\u0131d\u0131r. \u00c7ocuklar\u0131m\u0131z\u0131, umudumuzu, gelece\u011fimizi emanet etti\u011fimiz \u00f6\u011fretmenlerimiz her bak\u0131mdan korunmal\u0131, etkinle\u015ftirilmelidir. Bu kapsamda, de\u011ferler e\u011fitimi, aileyi de i\u00e7ine alacak \u015fekilde ve sosyal \u00e7evrenin \u00f6\u011frenci \u00fczerindeki muhtemel negatif etkilerinden ar\u0131nd\u0131racak kapsamda yeniden ele al\u0131nmal\u0131d\u0131r. \u00c7\u00fcnk\u00fc e\u011fer kal\u0131c\u0131 \u00f6nlemler al\u0131nmazsa yar\u0131n \u00e7ok ge\u00e7 olacakt\u0131r&#8221; dedi.<br \/>\n<br \/>Ayr\u0131ca okul m\u00fcd\u00fcr\u00fc Feyzi \u00d6zmen\u2019in sa\u011fl\u0131k durumu hakk\u0131nda da bilgi veren Ba\u015fkan \u00d6selmi\u015f, &#8220;Feyzi \u00d6zmen ameliyattan \u00e7\u0131kt\u0131. \u015eu an sa\u011fl\u0131k durumu gayet iyi. Bir an \u00f6nce sa\u011fl\u0131\u011f\u0131na kavu\u015farak aram\u0131za d\u00f6nmesini bekliyoruz&#8221; ifadelerini kulland\u0131.<br \/><\/p>\n","protected":false},"excerpt":{"rendered":"<p>Denizli\u2019de \u00f6\u011frencilerini taciz etti\u011fi ve kendisine &#8220;Kan akacak&#8221; diyerek tehdit etmesi \u00fczerine kantin i\u015fletmecisinin o\u011flu hakk\u0131nda \u015fikayette bulunan okul m\u00fcd\u00fcr\u00fcn\u00fcn silahl\u0131 sald\u0131r\u0131ya u\u011framas\u0131 hakk\u0131nda e\u011fitimciler eylem yapt\u0131. Denizli\u2019de sabah saatlerinde \u00e7ocuklar\u0131yla birlikte okula gitmek i\u00e7in arac\u0131na binmek \u00fczere olan 19 May\u0131s \u0130lkokulu M\u00fcd\u00fcr\u00fc Feyzi \u00d6zmen, kantin i\u015fletmecisinin o\u011flu K.K. (17), taraf\u0131ndan silahl\u0131 sald\u0131r\u0131ya u\u011frayarak yaraland\u0131&#8230;.<\/p>\n","protected":false},"author":1,"featured_media":61881,"comment_status":"open","ping_status":"open","sticky":false,"template":"","format":"standard","meta":{"_crdt_document":"","footnotes":""},"categories":[5],"tags":[],"class_list":["post-61880","post","type-post","status-publish","format-standard","has-post-thumbnail","hentry","category-asayis"],"_links":{"self":[{"href":"https:\/\/www.egemtv.com\/index.php?rest_route=\/wp\/v2\/posts\/61880","targetHints":{"allow":["GET"]}}],"collection":[{"href":"https:\/\/www.egemtv.com\/index.php?rest_route=\/wp\/v2\/posts"}],"about":[{"href":"https:\/\/www.egemtv.com\/index.php?rest_route=\/wp\/v2\/types\/post"}],"author":[{"embeddable":true,"href":"https:\/\/www.egemtv.com\/index.php?rest_route=\/wp\/v2\/users\/1"}],"replies":[{"embeddable":true,"href":"https:\/\/www.egemtv.com\/index.php?rest_route=%2Fwp%2Fv2%2Fcomments&post=61880"}],"version-history":[{"count":1,"href":"https:\/\/www.egemtv.com\/index.php?rest_route=\/wp\/v2\/posts\/61880\/revisions"}],"predecessor-version":[{"id":61882,"href":"https:\/\/www.egemtv.com\/index.php?rest_route=\/wp\/v2\/posts\/61880\/revisions\/61882"}],"wp:featuredmedia":[{"embeddable":true,"href":"https:\/\/www.egemtv.com\/index.php?rest_route=\/wp\/v2\/media\/61881"}],"wp:attachment":[{"href":"https:\/\/www.egemtv.com\/index.php?rest_route=%2Fwp%2Fv2%2Fmedia&parent=61880"}],"wp:term":[{"taxonomy":"category","embeddable":true,"href":"https:\/\/www.egemtv.com\/index.php?rest_route=%2Fwp%2Fv2%2Fcategories&post=61880"},{"taxonomy":"post_tag","embeddable":true,"href":"https:\/\/www.egemtv.com\/index.php?rest_route=%2Fwp%2Fv2%2Ftags&post=61880"}],"curies":[{"name":"wp","href":"https:\/\/api.w.org\/{rel}","templated":true}]}}