{"id":61877,"date":"2025-10-16T17:15:31","date_gmt":"2025-10-16T14:15:31","guid":{"rendered":"https:\/\/www.egemtv.com\/?p=61877"},"modified":"2025-10-16T17:15:34","modified_gmt":"2025-10-16T14:15:34","slug":"yeni-tip-surucu-belgesi-icin-son-tarih-31-ekim","status":"publish","type":"post","link":"https:\/\/www.egemtv.com\/?p=61877","title":{"rendered":"Yeni tip s\u00fcr\u00fcc\u00fc belgesi i\u00e7in son tarih 31 Ekim"},"content":{"rendered":"<p>Eski s\u00fcr\u00fcc\u00fc belgelerinin yenisi ile de\u011fi\u015ftirme tarihinin son g\u00fcn\u00fc 31 Ekim tarihi olarak a\u00e7\u0131klan\u0131rken, Mu\u011fla\u2019da bug\u00fcne kadar 518 bin 567 ki\u015fi yeni tip s\u00fcr\u00fcc\u00fc belgesine sahip oldu. Yeni tip s\u00fcr\u00fcc\u00fc belgesi almayan ki\u015fi say\u0131s\u0131 ile 26 bin 928 ki\u015fi olarak a\u00e7\u0131kland\u0131.<br \/>\n<br \/>Mu\u011fla Valisi Dr. \u0130dris Akb\u0131y\u0131k, eski tip s\u00fcr\u00fcc\u00fc belgelerinin de\u011fi\u015fimi i\u00e7in son 15 g\u00fcn kald\u0131\u011f\u0131n\u0131 hat\u0131rlatarak vatanda\u015flara yenileme \u00e7a\u011fr\u0131s\u0131nda bulundu. Vali Akb\u0131y\u0131k yapt\u0131\u011f\u0131 a\u00e7\u0131klamada, Mu\u011fla\u2019da eski tip s\u00fcr\u00fcc\u00fc belgesi de\u011fi\u015fiminin 14 Ekim 2025 itibariyle y\u00fczde 95,5 oran\u0131nda ger\u00e7ekle\u015fti\u011fini belirterek; &#8220;14 Ekim 2025 itibariyle il genelinde 518 bin 567 bin ki\u015fi yeni tip s\u00fcr\u00fcc\u00fc belgesine ge\u00e7ti. Eski tip s\u00fcr\u00fcc\u00fc belgesi de\u011fi\u015fimi i\u00e7in son tarih 31 Ekim 2025 oldu\u011funu vatanda\u015flar\u0131m\u0131za hat\u0131rlatmak istiyorum. Bu s\u00fcre sonras\u0131nda s\u00fcr\u00fcc\u00fc belgesini de\u011fi\u015ftirmek isteyen vatanda\u015flar\u0131m\u0131z, indirimli \u2018har\u00e7 de\u011ferli k\u00e2\u011f\u0131t\u2019 ve \u2018hizmet bedeli\u2019 avantajlar\u0131ndan yararlanamayacaklar&#8221; dedi.<br \/>\n<br \/>Eski tip s\u00fcr\u00fcc\u00fc belgesi de\u011fi\u015fiminin en fazla Dalaman \u0130l\u00e7esinde ger\u00e7ekle\u015fti\u011fini belirten Mu\u011fla Valisi Akb\u0131y\u0131k, &#8220;\u0130l genelinde eski s\u00fcr\u00fcc\u00fc belgesi olan vatanda\u015flar\u0131m\u0131z\u0131n oran\u0131 y\u00fczde 4,94. \u0130l\u00e7elerimize g\u00f6re, Dalaman\u2019da 818, Kaval\u0131dere\u2019de 139, K\u00f6yce\u011fiz\u2019de 738, Seydikemer\u2019de bin 26, Fethiye\u2019de 4 bin 374, Yata\u011fan\u2019da 942, Mente\u015fe\u2019de 2 bin 809, Ortaca\u2019da bin 505, Milas\u2019ta 3 bin 429, Marmaris\u2019te 2 bin 682, Ula\u2019da 750, Bodrum\u2019da 6 bin 667, Dat\u00e7a\u2019da bin 49 olmak \u00fczere il genelinde 26 bin 928 vatanda\u015f\u0131m\u0131zda hala eski s\u00fcr\u00fcc\u00fc belgesi bulunuyor. De\u011fi\u015fim h\u0131z\u0131 maalesef \u00e7ok d\u00fc\u015f\u00fck. 1 Kas\u0131m tarihinden itibaren eski tip s\u00fcr\u00fcc\u00fc belgeleri kullan\u0131lamayaca\u011f\u0131n\u0131 bir kez daha hat\u0131rlatmak istiyorum. Vatanda\u015flar\u0131m\u0131za sesleniyorum, l\u00fctfen n\u00fcfus m\u00fcd\u00fcrl\u00fcklerimizden randevumuzu alal\u0131m, eski tip s\u00fcr\u00fcc\u00fc belgelerimizi yenileyelim&#8221; ifadelerini kulland\u0131.<br \/><\/p>\n","protected":false},"excerpt":{"rendered":"<p>Eski s\u00fcr\u00fcc\u00fc belgelerinin yenisi ile de\u011fi\u015ftirme tarihinin son g\u00fcn\u00fc 31 Ekim tarihi olarak a\u00e7\u0131klan\u0131rken, Mu\u011fla\u2019da bug\u00fcne kadar 518 bin 567 ki\u015fi yeni tip s\u00fcr\u00fcc\u00fc belgesine sahip oldu. Yeni tip s\u00fcr\u00fcc\u00fc belgesi almayan ki\u015fi say\u0131s\u0131 ile 26 bin 928 ki\u015fi olarak a\u00e7\u0131kland\u0131. Mu\u011fla Valisi Dr. \u0130dris Akb\u0131y\u0131k, eski tip s\u00fcr\u00fcc\u00fc belgelerinin de\u011fi\u015fimi i\u00e7in son 15 g\u00fcn&#8230;<\/p>\n","protected":false},"author":1,"featured_media":61878,"comment_status":"open","ping_status":"open","sticky":false,"template":"","format":"standard","meta":{"_crdt_document":"","footnotes":""},"categories":[1],"tags":[],"class_list":["post-61877","post","type-post","status-publish","format-standard","has-post-thumbnail","hentry","category-guncel"],"_links":{"self":[{"href":"https:\/\/www.egemtv.com\/index.php?rest_route=\/wp\/v2\/posts\/61877","targetHints":{"allow":["GET"]}}],"collection":[{"href":"https:\/\/www.egemtv.com\/index.php?rest_route=\/wp\/v2\/posts"}],"about":[{"href":"https:\/\/www.egemtv.com\/index.php?rest_route=\/wp\/v2\/types\/post"}],"author":[{"embeddable":true,"href":"https:\/\/www.egemtv.com\/index.php?rest_route=\/wp\/v2\/users\/1"}],"replies":[{"embeddable":true,"href":"https:\/\/www.egemtv.com\/index.php?rest_route=%2Fwp%2Fv2%2Fcomments&post=61877"}],"version-history":[{"count":1,"href":"https:\/\/www.egemtv.com\/index.php?rest_route=\/wp\/v2\/posts\/61877\/revisions"}],"predecessor-version":[{"id":61879,"href":"https:\/\/www.egemtv.com\/index.php?rest_route=\/wp\/v2\/posts\/61877\/revisions\/61879"}],"wp:featuredmedia":[{"embeddable":true,"href":"https:\/\/www.egemtv.com\/index.php?rest_route=\/wp\/v2\/media\/61878"}],"wp:attachment":[{"href":"https:\/\/www.egemtv.com\/index.php?rest_route=%2Fwp%2Fv2%2Fmedia&parent=61877"}],"wp:term":[{"taxonomy":"category","embeddable":true,"href":"https:\/\/www.egemtv.com\/index.php?rest_route=%2Fwp%2Fv2%2Fcategories&post=61877"},{"taxonomy":"post_tag","embeddable":true,"href":"https:\/\/www.egemtv.com\/index.php?rest_route=%2Fwp%2Fv2%2Ftags&post=61877"}],"curies":[{"name":"wp","href":"https:\/\/api.w.org\/{rel}","templated":true}]}}