{"id":61874,"date":"2025-10-16T16:55:34","date_gmt":"2025-10-16T13:55:34","guid":{"rendered":"https:\/\/www.egemtv.com\/?p=61874"},"modified":"2025-10-16T16:55:37","modified_gmt":"2025-10-16T13:55:37","slug":"denizli-osb-baskani-derya-baltali-sanayicilerimiz-icin-onemli-firsatlar-sunuluyor","status":"publish","type":"post","link":"https:\/\/www.egemtv.com\/?p=61874","title":{"rendered":"Denizli OSB Ba\u015fkan\u0131 Derya Baltal\u0131; &#8220;Sanayicilerimiz i\u00e7in \u00f6nemli f\u0131rsatlar sunuluyor&#8221;"},"content":{"rendered":"<p>Denizli Organize Sanayi B\u00f6lgesi M\u00fcd\u00fcrl\u00fc\u011f\u00fc\u2019n\u00fcn d\u00fczenledi\u011fi \u2018Kapasite Geli\u015ftirme Destek Program\u0131 ve \u0130\u015f Geli\u015ftirme Destek Program\u0131 Bilgilendirme Toplant\u0131s\u0131\u2019, Denizli OSB Konferans Salonunda sanayicilerin kat\u0131l\u0131m\u0131yla ger\u00e7ekle\u015ftirildi.<\/p>\n<p>Toplant\u0131da, Kapasite Geli\u015ftirme Destek Program\u0131 2025\/3. \u00c7a\u011fr\u0131s\u0131 ile Giri\u015fimci Destek Program\u0131 &#8211; \u0130\u015f Geli\u015ftirme Deste\u011fi 2025\/3. \u00c7a\u011fr\u0131s\u0131 hakk\u0131nda kapsaml\u0131 sunumlar yap\u0131ld\u0131. Uzman Ender Ayvac\u0131, yapt\u0131\u011f\u0131 sunumla i\u015fletmelerin ba\u015fvuru s\u00fcre\u00e7lerinden destek oranlar\u0131na, uygunluk kriterlerinden de\u011ferlendirme esaslar\u0131na kadar bir\u00e7ok konuda kat\u0131l\u0131mc\u0131lara ayr\u0131nt\u0131l\u0131 bilgi verdi.<\/p>\n<p>&#8220;Sanayicilerimiz i\u00e7in \u00f6nemli f\u0131rsatlar sunuluyor&#8221;<br \/>\n<br \/>KOB\u0130\u2019lerin geli\u015fimi i\u00e7in sunulan desteklerin sanayi ekosistemi a\u00e7\u0131s\u0131ndan b\u00fcy\u00fck \u00f6nem ta\u015f\u0131d\u0131\u011f\u0131n\u0131 vurgulayan Denizli OSB Y\u00f6netim Kurulu Ba\u015fkan\u0131 Derya Baltal\u0131; &#8220;\u00dcretim g\u00fcc\u00fcn\u00fc ve ihracat kapasitesini art\u0131rmak isteyen sanayicilerimiz i\u00e7in bu t\u00fcr programlar \u00f6nemli f\u0131rsatlar sunuyor. B\u00f6lgemizdeki firmalar\u0131n teknolojiye, yenili\u011fe ve s\u00fcrd\u00fcr\u00fclebilir \u00fcretime daha g\u00fc\u00e7l\u00fc \u015fekilde entegre olmas\u0131n\u0131 hedefliyoruz&#8221; dedi.<br \/><\/p>\n","protected":false},"excerpt":{"rendered":"<p>Denizli Organize Sanayi B\u00f6lgesi M\u00fcd\u00fcrl\u00fc\u011f\u00fc\u2019n\u00fcn d\u00fczenledi\u011fi \u2018Kapasite Geli\u015ftirme Destek Program\u0131 ve \u0130\u015f Geli\u015ftirme Destek Program\u0131 Bilgilendirme Toplant\u0131s\u0131\u2019, Denizli OSB Konferans Salonunda sanayicilerin kat\u0131l\u0131m\u0131yla ger\u00e7ekle\u015ftirildi. Toplant\u0131da, Kapasite Geli\u015ftirme Destek Program\u0131 2025\/3. \u00c7a\u011fr\u0131s\u0131 ile Giri\u015fimci Destek Program\u0131 &#8211; \u0130\u015f Geli\u015ftirme Deste\u011fi 2025\/3. \u00c7a\u011fr\u0131s\u0131 hakk\u0131nda kapsaml\u0131 sunumlar yap\u0131ld\u0131. Uzman Ender Ayvac\u0131, yapt\u0131\u011f\u0131 sunumla i\u015fletmelerin ba\u015fvuru s\u00fcre\u00e7lerinden destek oranlar\u0131na,&#8230;<\/p>\n","protected":false},"author":1,"featured_media":61875,"comment_status":"open","ping_status":"open","sticky":false,"template":"","format":"standard","meta":{"_crdt_document":"","footnotes":""},"categories":[125],"tags":[],"class_list":["post-61874","post","type-post","status-publish","format-standard","has-post-thumbnail","hentry","category-ekonomi"],"_links":{"self":[{"href":"https:\/\/www.egemtv.com\/index.php?rest_route=\/wp\/v2\/posts\/61874","targetHints":{"allow":["GET"]}}],"collection":[{"href":"https:\/\/www.egemtv.com\/index.php?rest_route=\/wp\/v2\/posts"}],"about":[{"href":"https:\/\/www.egemtv.com\/index.php?rest_route=\/wp\/v2\/types\/post"}],"author":[{"embeddable":true,"href":"https:\/\/www.egemtv.com\/index.php?rest_route=\/wp\/v2\/users\/1"}],"replies":[{"embeddable":true,"href":"https:\/\/www.egemtv.com\/index.php?rest_route=%2Fwp%2Fv2%2Fcomments&post=61874"}],"version-history":[{"count":1,"href":"https:\/\/www.egemtv.com\/index.php?rest_route=\/wp\/v2\/posts\/61874\/revisions"}],"predecessor-version":[{"id":61876,"href":"https:\/\/www.egemtv.com\/index.php?rest_route=\/wp\/v2\/posts\/61874\/revisions\/61876"}],"wp:featuredmedia":[{"embeddable":true,"href":"https:\/\/www.egemtv.com\/index.php?rest_route=\/wp\/v2\/media\/61875"}],"wp:attachment":[{"href":"https:\/\/www.egemtv.com\/index.php?rest_route=%2Fwp%2Fv2%2Fmedia&parent=61874"}],"wp:term":[{"taxonomy":"category","embeddable":true,"href":"https:\/\/www.egemtv.com\/index.php?rest_route=%2Fwp%2Fv2%2Fcategories&post=61874"},{"taxonomy":"post_tag","embeddable":true,"href":"https:\/\/www.egemtv.com\/index.php?rest_route=%2Fwp%2Fv2%2Ftags&post=61874"}],"curies":[{"name":"wp","href":"https:\/\/api.w.org\/{rel}","templated":true}]}}