{"id":61871,"date":"2025-10-16T16:55:13","date_gmt":"2025-10-16T13:55:13","guid":{"rendered":"https:\/\/www.egemtv.com\/?p=61871"},"modified":"2025-10-16T16:55:28","modified_gmt":"2025-10-16T13:55:28","slug":"iki-gence-mezar-olan-arac-hurdaya-dondu","status":"publish","type":"post","link":"https:\/\/www.egemtv.com\/?p=61871","title":{"rendered":"\u0130ki gence mezar olan ara\u00e7 hurdaya d\u00f6nd\u00fc"},"content":{"rendered":"<p>Denizli\u2019de gece saatlerinde direksiyon hakimiyetini kaybetti\u011fi otomobil yoldan \u00e7\u0131karak a\u011faca \u00e7arparak durabildi. \u0130ki gen\u00e7 arkada\u015fa mezar olan ara\u00e7 hurdaya d\u00f6nd\u00fc.<\/p>\n<p>Kaza, gece saat 00.30 s\u0131ralar\u0131nda G\u00fcney il\u00e7esi Eziler Mahallesi\u2019nde meydana geldi. Edinilen bilgilere g\u00f6re, Yasin Dedeo\u011flu (18) ve arkada\u015f\u0131 O\u011fuzhan Yolda\u015f (18), plakas\u0131 hen\u00fcz \u00f6\u011frenilemeyen ara\u00e7 ile seyir halindeyken, s\u00fcr\u00fcc\u00fcs\u00fcn\u00fcn direksiyon hakimiyetini kaybetti\u011fi ara\u00e7, yoldan \u00e7\u0131k\u0131p a\u011faca \u00e7arparak durabildi. Kaza sonras\u0131nda ara\u00e7 hurdaya d\u00f6nd\u00fc. Kazay\u0131 fark eden \u00e7evredeki vatanda\u015flar durumu 112 Acil \u00c7a\u011fr\u0131 Merkezine ihbarda bulundu.<\/p>\n<p>\u0130hbar \u00fczerine b\u00f6lgeye jandarma ve sa\u011fl\u0131k ekipleri sevk edildi. Sa\u011fl\u0131k ekiplerinin yapt\u0131klar\u0131 kontrollerde iki gencin de olay yerinde hayat\u0131n\u0131 kaybetti\u011fini belirledi. Hayat\u0131n\u0131 kaybeden iki arkada\u015f\u0131n cenazeleri, otopsi yap\u0131lmak \u00fczere adli t\u0131p morguna kald\u0131r\u0131ld\u0131. Kazayla ilgili soru\u015fturma ba\u015flat\u0131ld\u0131.<br \/><\/p>\n","protected":false},"excerpt":{"rendered":"<p>Denizli\u2019de gece saatlerinde direksiyon hakimiyetini kaybetti\u011fi otomobil yoldan \u00e7\u0131karak a\u011faca \u00e7arparak durabildi. \u0130ki gen\u00e7 arkada\u015fa mezar olan ara\u00e7 hurdaya d\u00f6nd\u00fc. Kaza, gece saat 00.30 s\u0131ralar\u0131nda G\u00fcney il\u00e7esi Eziler Mahallesi\u2019nde meydana geldi. Edinilen bilgilere g\u00f6re, Yasin Dedeo\u011flu (18) ve arkada\u015f\u0131 O\u011fuzhan Yolda\u015f (18), plakas\u0131 hen\u00fcz \u00f6\u011frenilemeyen ara\u00e7 ile seyir halindeyken, s\u00fcr\u00fcc\u00fcs\u00fcn\u00fcn direksiyon hakimiyetini kaybetti\u011fi ara\u00e7, yoldan&#8230;<\/p>\n","protected":false},"author":1,"featured_media":61872,"comment_status":"open","ping_status":"open","sticky":false,"template":"","format":"standard","meta":{"_crdt_document":"","footnotes":""},"categories":[5],"tags":[],"class_list":["post-61871","post","type-post","status-publish","format-standard","has-post-thumbnail","hentry","category-asayis"],"_links":{"self":[{"href":"https:\/\/www.egemtv.com\/index.php?rest_route=\/wp\/v2\/posts\/61871","targetHints":{"allow":["GET"]}}],"collection":[{"href":"https:\/\/www.egemtv.com\/index.php?rest_route=\/wp\/v2\/posts"}],"about":[{"href":"https:\/\/www.egemtv.com\/index.php?rest_route=\/wp\/v2\/types\/post"}],"author":[{"embeddable":true,"href":"https:\/\/www.egemtv.com\/index.php?rest_route=\/wp\/v2\/users\/1"}],"replies":[{"embeddable":true,"href":"https:\/\/www.egemtv.com\/index.php?rest_route=%2Fwp%2Fv2%2Fcomments&post=61871"}],"version-history":[{"count":1,"href":"https:\/\/www.egemtv.com\/index.php?rest_route=\/wp\/v2\/posts\/61871\/revisions"}],"predecessor-version":[{"id":61873,"href":"https:\/\/www.egemtv.com\/index.php?rest_route=\/wp\/v2\/posts\/61871\/revisions\/61873"}],"wp:featuredmedia":[{"embeddable":true,"href":"https:\/\/www.egemtv.com\/index.php?rest_route=\/wp\/v2\/media\/61872"}],"wp:attachment":[{"href":"https:\/\/www.egemtv.com\/index.php?rest_route=%2Fwp%2Fv2%2Fmedia&parent=61871"}],"wp:term":[{"taxonomy":"category","embeddable":true,"href":"https:\/\/www.egemtv.com\/index.php?rest_route=%2Fwp%2Fv2%2Fcategories&post=61871"},{"taxonomy":"post_tag","embeddable":true,"href":"https:\/\/www.egemtv.com\/index.php?rest_route=%2Fwp%2Fv2%2Ftags&post=61871"}],"curies":[{"name":"wp","href":"https:\/\/api.w.org\/{rel}","templated":true}]}}