{"id":61868,"date":"2025-10-16T16:35:37","date_gmt":"2025-10-16T13:35:37","guid":{"rendered":"https:\/\/www.egemtv.com\/?p=61868"},"modified":"2025-10-16T16:35:39","modified_gmt":"2025-10-16T13:35:39","slug":"kaza-kursunu-ile-yaralanan-sahis-yasam-mucadelesini-kaybetti","status":"publish","type":"post","link":"https:\/\/www.egemtv.com\/?p=61868","title":{"rendered":"Kaza kur\u015funu ile yaralanan \u015fah\u0131s ya\u015fam m\u00fccadelesini kaybetti"},"content":{"rendered":"<p>Mu\u011fla\u2019n\u0131n Dalaman il\u00e7esinde s\u00fcrek av\u0131na \u00e7\u0131kan grupta bulunan arkada\u015f\u0131n\u0131n t\u00fcfe\u011finden \u00e7\u0131kan sa\u00e7malarla a\u011f\u0131r yaralanan \u015fah\u0131s hastanede verdi\u011fi ya\u015fam m\u00fccadelesini kaybetti.<\/p>\n<p>Olay, 12 Ekim Pazar g\u00fcn\u00fc \u0130nce Bel mevkiindeki da\u011fl\u0131k alanda meydana geldi. Edinilen bilgiye g\u00f6re, s\u00fcrek av\u0131nda arkada\u015f\u0131n\u0131n t\u00fcfe\u011finden \u00e7\u0131kan sa\u00e7malarla a\u011f\u0131r yaralanan Ahmet Kaba (63) Dalaman Devlet Hastanesi\u2019ne kald\u0131r\u0131ld\u0131. Yap\u0131lan ilk m\u00fcdahalenin ard\u0131ndan ambulansla Mu\u011fla \u00dcniversitesi  Ara\u015ft\u0131rma Hastanesi\u2019ne sevk edilen kaba ent\u00fcbe edilerek yo\u011fun bak\u0131ma al\u0131nd\u0131. Doktorlar\u0131n t\u00fcm \u00e7abalar\u0131na ra\u011fmen kurtar\u0131lamayan Kaba, hayat\u0131n\u0131 kaybetti. Kaba\u2019n\u0131n cenazesi yap\u0131lan otopsi sonras\u0131nda Dalaman Kap\u0131karg\u0131n Mahallesi\u2019nde k\u0131l\u0131nan cenaze namaz\u0131n\u0131n ard\u0131ndan topra\u011fa verildi.<br \/><\/p>\n","protected":false},"excerpt":{"rendered":"<p>Mu\u011fla\u2019n\u0131n Dalaman il\u00e7esinde s\u00fcrek av\u0131na \u00e7\u0131kan grupta bulunan arkada\u015f\u0131n\u0131n t\u00fcfe\u011finden \u00e7\u0131kan sa\u00e7malarla a\u011f\u0131r yaralanan \u015fah\u0131s hastanede verdi\u011fi ya\u015fam m\u00fccadelesini kaybetti. Olay, 12 Ekim Pazar g\u00fcn\u00fc \u0130nce Bel mevkiindeki da\u011fl\u0131k alanda meydana geldi. Edinilen bilgiye g\u00f6re, s\u00fcrek av\u0131nda arkada\u015f\u0131n\u0131n t\u00fcfe\u011finden \u00e7\u0131kan sa\u00e7malarla a\u011f\u0131r yaralanan Ahmet Kaba (63) Dalaman Devlet Hastanesi\u2019ne kald\u0131r\u0131ld\u0131. Yap\u0131lan ilk m\u00fcdahalenin ard\u0131ndan ambulansla&#8230;<\/p>\n","protected":false},"author":1,"featured_media":61869,"comment_status":"open","ping_status":"open","sticky":false,"template":"","format":"standard","meta":{"_crdt_document":"","footnotes":""},"categories":[5],"tags":[],"class_list":["post-61868","post","type-post","status-publish","format-standard","has-post-thumbnail","hentry","category-asayis"],"_links":{"self":[{"href":"https:\/\/www.egemtv.com\/index.php?rest_route=\/wp\/v2\/posts\/61868","targetHints":{"allow":["GET"]}}],"collection":[{"href":"https:\/\/www.egemtv.com\/index.php?rest_route=\/wp\/v2\/posts"}],"about":[{"href":"https:\/\/www.egemtv.com\/index.php?rest_route=\/wp\/v2\/types\/post"}],"author":[{"embeddable":true,"href":"https:\/\/www.egemtv.com\/index.php?rest_route=\/wp\/v2\/users\/1"}],"replies":[{"embeddable":true,"href":"https:\/\/www.egemtv.com\/index.php?rest_route=%2Fwp%2Fv2%2Fcomments&post=61868"}],"version-history":[{"count":1,"href":"https:\/\/www.egemtv.com\/index.php?rest_route=\/wp\/v2\/posts\/61868\/revisions"}],"predecessor-version":[{"id":61870,"href":"https:\/\/www.egemtv.com\/index.php?rest_route=\/wp\/v2\/posts\/61868\/revisions\/61870"}],"wp:featuredmedia":[{"embeddable":true,"href":"https:\/\/www.egemtv.com\/index.php?rest_route=\/wp\/v2\/media\/61869"}],"wp:attachment":[{"href":"https:\/\/www.egemtv.com\/index.php?rest_route=%2Fwp%2Fv2%2Fmedia&parent=61868"}],"wp:term":[{"taxonomy":"category","embeddable":true,"href":"https:\/\/www.egemtv.com\/index.php?rest_route=%2Fwp%2Fv2%2Fcategories&post=61868"},{"taxonomy":"post_tag","embeddable":true,"href":"https:\/\/www.egemtv.com\/index.php?rest_route=%2Fwp%2Fv2%2Ftags&post=61868"}],"curies":[{"name":"wp","href":"https:\/\/api.w.org\/{rel}","templated":true}]}}