{"id":61865,"date":"2025-10-16T16:35:28","date_gmt":"2025-10-16T13:35:28","guid":{"rendered":"https:\/\/www.egemtv.com\/?p=61865"},"modified":"2025-10-16T16:35:33","modified_gmt":"2025-10-16T13:35:33","slug":"kanser-hastasi-esini-olduren-koca-6-yildir-kanserdi-psikolojimiz-bozuldu","status":"publish","type":"post","link":"https:\/\/www.egemtv.com\/?p=61865","title":{"rendered":"Kanser hastas\u0131 e\u015fini \u00f6ld\u00fcren koca: &#8220;6 y\u0131ld\u0131r kanserdi, psikolojimiz bozuldu&#8221;"},"content":{"rendered":"<p>\u0130zmir\u2019in Bornova il\u00e7esinde 70 ya\u015f\u0131ndaki \u015fah\u0131s, kanser tedavisi g\u00f6ren yatalak e\u015fini tabancayla vurarak \u00f6ld\u00fcrd\u00fc. G\u00f6zalt\u0131na al\u0131nan \u015f\u00fcpheli ifadesinde, &#8220;E\u015fim 6 y\u0131ld\u0131r lenf kanseri. Bu s\u00fcre\u00e7te psikolojimiz \u00e7ok bozuldu, s\u0131k s\u0131k tart\u0131\u015f\u0131yorduk. \u00dczg\u00fcn\u00fcm&#8221; dedi.<br \/>\n<br \/>Olay, saat 20.00 s\u0131ralar\u0131nda Bornova il\u00e7esi Rafetpa\u015fa Mahallesi\u2019nde meydana geldi. Edinilen bilgiye g\u00f6re, R.T. (70) isimli \u015fah\u0131s e\u015fi \u0130zadiye Teker (69) ile tart\u0131\u015ft\u0131. Kanser hastas\u0131 oldu\u011fu \u00f6\u011frenilen e\u015fini tabancayla vuran R.T., olay yerinden ka\u00e7t\u0131. Silah seslerini duyan \u00e7evredekilerin ihbar\u0131 \u00fczerine adrese \u00e7ok say\u0131da polis ve sa\u011fl\u0131k ekibi sevk edildi. Sa\u011fl\u0131k ekipleri, ya\u015fl\u0131 kad\u0131n\u0131n hayat\u0131n\u0131 kaybetti\u011fini belirledi. Cinayette kullan\u0131lan ruhsats\u0131z tabanca ele ge\u00e7irilirken, R.T. polis ekiplerince k\u0131sa s\u00fcrede yakalanarak g\u00f6zalt\u0131na al\u0131nd\u0131. Asayi\u015f \u015eube M\u00fcd\u00fcrl\u00fc\u011f\u00fc Cinayet B\u00fcro Amirli\u011fine g\u00f6t\u00fcr\u00fclen R.T.\u2019nin sorgusunda e\u015finin uzun s\u00fcredir kanser tedavisi g\u00f6rd\u00fc\u011f\u00fcn\u00fc belirterek, &#8220;E\u015fim 6 y\u0131ld\u0131r lenf kanseri. Tedavisi devam ediyordu. Bu s\u00fcre\u00e7te hem onun hem de benim psikolojim \u00e7ok bozuldu. S\u00fcrekli tart\u0131\u015fmalar oluyordu. \u00dczg\u00fcn\u00fcm&#8221; dedi\u011fi \u00f6\u011frenildi.<br \/>\n<br \/>Hayat\u0131n\u0131 kaybeden \u0130zadiye Teker\u2019in cans\u0131z bedeni, savc\u0131n\u0131n incelemesinin ard\u0131ndan \u0130zmir Adli T\u0131p Kurumu morguna kald\u0131r\u0131ld\u0131. Teker\u2019in cenazesi bug\u00fcn Bornova Ta\u015fk\u00f6pr\u00fc Camii\u2019nde ikindi namaz\u0131n\u0131 m\u00fcteakip k\u0131l\u0131nan cenaze namaz\u0131n\u0131n ard\u0131ndan topra\u011fa verilecek.<br \/>\n<br \/>Olayla ilgili soru\u015fturma s\u00fcr\u00fcyor.<br \/><\/p>\n","protected":false},"excerpt":{"rendered":"<p>\u0130zmir\u2019in Bornova il\u00e7esinde 70 ya\u015f\u0131ndaki \u015fah\u0131s, kanser tedavisi g\u00f6ren yatalak e\u015fini tabancayla vurarak \u00f6ld\u00fcrd\u00fc. G\u00f6zalt\u0131na al\u0131nan \u015f\u00fcpheli ifadesinde, &#8220;E\u015fim 6 y\u0131ld\u0131r lenf kanseri. Bu s\u00fcre\u00e7te psikolojimiz \u00e7ok bozuldu, s\u0131k s\u0131k tart\u0131\u015f\u0131yorduk. \u00dczg\u00fcn\u00fcm&#8221; dedi. Olay, saat 20.00 s\u0131ralar\u0131nda Bornova il\u00e7esi Rafetpa\u015fa Mahallesi\u2019nde meydana geldi. Edinilen bilgiye g\u00f6re, R.T. (70) isimli \u015fah\u0131s e\u015fi \u0130zadiye Teker (69) ile&#8230;<\/p>\n","protected":false},"author":1,"featured_media":61866,"comment_status":"open","ping_status":"open","sticky":false,"template":"","format":"standard","meta":{"_crdt_document":"","footnotes":""},"categories":[5],"tags":[],"class_list":["post-61865","post","type-post","status-publish","format-standard","has-post-thumbnail","hentry","category-asayis"],"_links":{"self":[{"href":"https:\/\/www.egemtv.com\/index.php?rest_route=\/wp\/v2\/posts\/61865","targetHints":{"allow":["GET"]}}],"collection":[{"href":"https:\/\/www.egemtv.com\/index.php?rest_route=\/wp\/v2\/posts"}],"about":[{"href":"https:\/\/www.egemtv.com\/index.php?rest_route=\/wp\/v2\/types\/post"}],"author":[{"embeddable":true,"href":"https:\/\/www.egemtv.com\/index.php?rest_route=\/wp\/v2\/users\/1"}],"replies":[{"embeddable":true,"href":"https:\/\/www.egemtv.com\/index.php?rest_route=%2Fwp%2Fv2%2Fcomments&post=61865"}],"version-history":[{"count":1,"href":"https:\/\/www.egemtv.com\/index.php?rest_route=\/wp\/v2\/posts\/61865\/revisions"}],"predecessor-version":[{"id":61867,"href":"https:\/\/www.egemtv.com\/index.php?rest_route=\/wp\/v2\/posts\/61865\/revisions\/61867"}],"wp:featuredmedia":[{"embeddable":true,"href":"https:\/\/www.egemtv.com\/index.php?rest_route=\/wp\/v2\/media\/61866"}],"wp:attachment":[{"href":"https:\/\/www.egemtv.com\/index.php?rest_route=%2Fwp%2Fv2%2Fmedia&parent=61865"}],"wp:term":[{"taxonomy":"category","embeddable":true,"href":"https:\/\/www.egemtv.com\/index.php?rest_route=%2Fwp%2Fv2%2Fcategories&post=61865"},{"taxonomy":"post_tag","embeddable":true,"href":"https:\/\/www.egemtv.com\/index.php?rest_route=%2Fwp%2Fv2%2Ftags&post=61865"}],"curies":[{"name":"wp","href":"https:\/\/api.w.org\/{rel}","templated":true}]}}