{"id":61862,"date":"2025-10-16T16:35:12","date_gmt":"2025-10-16T13:35:12","guid":{"rendered":"https:\/\/www.egemtv.com\/?p=61862"},"modified":"2025-10-16T16:35:19","modified_gmt":"2025-10-16T13:35:19","slug":"izmirde-eski-es-dehseti-sokak-ortasinda-bicaklayarak-oldurdu","status":"publish","type":"post","link":"https:\/\/www.egemtv.com\/?p=61862","title":{"rendered":"\u0130zmir\u2019de eski e\u015f deh\u015feti: Sokak ortas\u0131nda b\u0131\u00e7aklayarak \u00f6ld\u00fcrd\u00fc"},"content":{"rendered":"<p>\u0130zmir\u2019in Konak il\u00e7esinde 27 ya\u015f\u0131ndaki kad\u0131n, eski e\u015fi taraf\u0131ndan sokak ortas\u0131nda b\u0131\u00e7aklanarak a\u011f\u0131r yaraland\u0131. Hastaneye kald\u0131r\u0131lan gen\u00e7 kad\u0131n, yap\u0131lan t\u00fcm m\u00fcdahalelere ra\u011fmen hayat\u0131n\u0131 kaybetti.<\/p>\n<p>Olay, bug\u00fcn saat 12.00 s\u0131ralar\u0131nda Konak il\u00e7esi Yeni\u015fehir Mahallesi 1262 Sokakta meydana geldi. Edinilen bilgiye g\u00f6re, G\u00fclben Duru (27) ile eski e\u015fi A.\u00c7. (27) aras\u0131nda hen\u00fcz belirlenemeyen bir nedenle tart\u0131\u015fma \u00e7\u0131kt\u0131. Tart\u0131\u015fman\u0131n b\u00fcy\u00fcmesi \u00fczerine A.\u00c7., yan\u0131nda ta\u015f\u0131d\u0131\u011f\u0131 b\u0131\u00e7akla Duru\u2019yu v\u00fccudunun \u00e7e\u015fitli yerlerinden yaralad\u0131. Kanlar i\u00e7inde yere y\u0131\u011f\u0131lan gen\u00e7 kad\u0131n, \u00e7evredekilerin ihbar\u0131 \u00fczerine olay yerine sevk edilen sa\u011fl\u0131k ekiplerince hastaneye kald\u0131r\u0131ld\u0131. Ancak doktorlar\u0131n t\u00fcm m\u00fcdahalelerine ra\u011fmen G\u00fclben Duru kurtar\u0131lamad\u0131.<\/p>\n<p>Olay\u0131n ard\u0131ndan ka\u00e7an \u015f\u00fcpheli A.\u00c7., polis ekipleri taraf\u0131ndan su\u00e7 aletiyle birlikte k\u0131sa s\u00fcrede yakalanarak g\u00f6zalt\u0131na al\u0131nd\u0131.<br \/>\n<br \/>Cinayetle ilgili soru\u015fturma ba\u015flat\u0131ld\u0131.<br \/><\/p>\n","protected":false},"excerpt":{"rendered":"<p>\u0130zmir\u2019in Konak il\u00e7esinde 27 ya\u015f\u0131ndaki kad\u0131n, eski e\u015fi taraf\u0131ndan sokak ortas\u0131nda b\u0131\u00e7aklanarak a\u011f\u0131r yaraland\u0131. Hastaneye kald\u0131r\u0131lan gen\u00e7 kad\u0131n, yap\u0131lan t\u00fcm m\u00fcdahalelere ra\u011fmen hayat\u0131n\u0131 kaybetti. Olay, bug\u00fcn saat 12.00 s\u0131ralar\u0131nda Konak il\u00e7esi Yeni\u015fehir Mahallesi 1262 Sokakta meydana geldi. Edinilen bilgiye g\u00f6re, G\u00fclben Duru (27) ile eski e\u015fi A.\u00c7. (27) aras\u0131nda hen\u00fcz belirlenemeyen bir nedenle tart\u0131\u015fma \u00e7\u0131kt\u0131&#8230;.<\/p>\n","protected":false},"author":1,"featured_media":61863,"comment_status":"open","ping_status":"open","sticky":false,"template":"","format":"standard","meta":{"_crdt_document":"","footnotes":""},"categories":[5],"tags":[],"class_list":["post-61862","post","type-post","status-publish","format-standard","has-post-thumbnail","hentry","category-asayis"],"_links":{"self":[{"href":"https:\/\/www.egemtv.com\/index.php?rest_route=\/wp\/v2\/posts\/61862","targetHints":{"allow":["GET"]}}],"collection":[{"href":"https:\/\/www.egemtv.com\/index.php?rest_route=\/wp\/v2\/posts"}],"about":[{"href":"https:\/\/www.egemtv.com\/index.php?rest_route=\/wp\/v2\/types\/post"}],"author":[{"embeddable":true,"href":"https:\/\/www.egemtv.com\/index.php?rest_route=\/wp\/v2\/users\/1"}],"replies":[{"embeddable":true,"href":"https:\/\/www.egemtv.com\/index.php?rest_route=%2Fwp%2Fv2%2Fcomments&post=61862"}],"version-history":[{"count":1,"href":"https:\/\/www.egemtv.com\/index.php?rest_route=\/wp\/v2\/posts\/61862\/revisions"}],"predecessor-version":[{"id":61864,"href":"https:\/\/www.egemtv.com\/index.php?rest_route=\/wp\/v2\/posts\/61862\/revisions\/61864"}],"wp:featuredmedia":[{"embeddable":true,"href":"https:\/\/www.egemtv.com\/index.php?rest_route=\/wp\/v2\/media\/61863"}],"wp:attachment":[{"href":"https:\/\/www.egemtv.com\/index.php?rest_route=%2Fwp%2Fv2%2Fmedia&parent=61862"}],"wp:term":[{"taxonomy":"category","embeddable":true,"href":"https:\/\/www.egemtv.com\/index.php?rest_route=%2Fwp%2Fv2%2Fcategories&post=61862"},{"taxonomy":"post_tag","embeddable":true,"href":"https:\/\/www.egemtv.com\/index.php?rest_route=%2Fwp%2Fv2%2Ftags&post=61862"}],"curies":[{"name":"wp","href":"https:\/\/api.w.org\/{rel}","templated":true}]}}