{"id":61859,"date":"2025-10-16T16:35:03","date_gmt":"2025-10-16T13:35:03","guid":{"rendered":"https:\/\/www.egemtv.com\/?p=61859"},"modified":"2025-10-16T16:35:07","modified_gmt":"2025-10-16T13:35:07","slug":"kardesinin-sevgilisini-bicaklayan-agabey-tutuklandi","status":"publish","type":"post","link":"https:\/\/www.egemtv.com\/?p=61859","title":{"rendered":"Karde\u015finin sevgilisini b\u0131\u00e7aklayan a\u011fabey tutukland\u0131"},"content":{"rendered":"<p>Ayd\u0131n\u2019\u0131n Efeler il\u00e7esinde bir \u015fah\u0131s k\u0131z arkada\u015f\u0131n\u0131n abisi ve kuzenleri taraf\u0131ndan sokak ortas\u0131nda darp edilip b\u0131\u00e7akland\u0131. Olayla ilgili Asayi\u015f \u015eube M\u00fcd\u00fcrl\u00fc\u011f\u00fc Cinayet B\u00fcro ekipleri taraf\u0131ndan g\u00f6zalt\u0131na al\u0131nan 4 \u015f\u00fcpheliden a\u011fabey tutuklan\u0131rken, di\u011fer 3 \u015f\u00fcpheli ise adli kontrol \u015fart\u0131 ile serbest b\u0131rak\u0131ld\u0131.<\/p>\n<p>Olay, Mimar Sinan Mahallesi \u00dcnal \u00d6zg\u00f6dek Bulvar\u0131\u2019nda ak\u015fam saatlerinde meydana geldi. Edinilen bilgiye g\u00f6re, A.G., k\u0131z arkada\u015f\u0131n\u0131n abisi ve kuzenleriyle bulu\u015ftu. Taraflar aras\u0131nda \u00e7\u0131kan tart\u0131\u015fma k\u0131sa s\u00fcrede kavgaya d\u00f6n\u00fc\u015f\u00fcrken, A.G. isimli \u015fah\u0131s H.T., H.T., V.T. ve Y.O. taraf\u0131ndan darp edilerek b\u0131\u00e7akland\u0131. Olay\u0131 g\u00f6renler durumu 112 Acil \u00c7a\u011fr\u0131 Merkezi\u2019ne bildirdi. \u0130hbar \u00fczerine b\u00f6lgeye sa\u011fl\u0131k ve polis ekipleri sevk edildi. K\u0131sa s\u00fcrede olay yerine gelen sa\u011fl\u0131k ekipleri yaral\u0131 \u015fahsa ilk m\u00fcdahaleyi yaparak ambulansla hastaneye kald\u0131rd\u0131. Polis ekipleri de olay\u0131n \u015f\u00fcphelisi 4 ki\u015fiyi tespit ederek g\u00f6zalt\u0131na ald\u0131. \u00d6te yandan \u015fah\u0131slar\u0131n olayda kulland\u0131\u011f\u0131 b\u0131\u00e7ak da ele ge\u00e7irildi. \u015e\u00fcpheliler emniyetteki i\u015flemlerinin ard\u0131ndan geni\u015f g\u00fcvenlik \u00f6nlemleri alt\u0131nda adliyeye sevk edildi.<\/p>\n<p>A\u011fabey tutukland\u0131<br \/>\n<br \/>Adliyede hakim kar\u015f\u0131s\u0131na \u00e7\u0131kart\u0131lan \u015f\u00fcphelilerden k\u0131z karde\u015finin sevgilisini b\u0131\u00e7aklayan H.T. tutuklanarak cezaevine g\u00f6nderilirken, di\u011fer 3 \u015f\u00fcpheli ise adli kontrol \u015fart\u0131 ile serbest b\u0131rak\u0131ld\u0131.<br \/><\/p>\n","protected":false},"excerpt":{"rendered":"<p>Ayd\u0131n\u2019\u0131n Efeler il\u00e7esinde bir \u015fah\u0131s k\u0131z arkada\u015f\u0131n\u0131n abisi ve kuzenleri taraf\u0131ndan sokak ortas\u0131nda darp edilip b\u0131\u00e7akland\u0131. Olayla ilgili Asayi\u015f \u015eube M\u00fcd\u00fcrl\u00fc\u011f\u00fc Cinayet B\u00fcro ekipleri taraf\u0131ndan g\u00f6zalt\u0131na al\u0131nan 4 \u015f\u00fcpheliden a\u011fabey tutuklan\u0131rken, di\u011fer 3 \u015f\u00fcpheli ise adli kontrol \u015fart\u0131 ile serbest b\u0131rak\u0131ld\u0131. Olay, Mimar Sinan Mahallesi \u00dcnal \u00d6zg\u00f6dek Bulvar\u0131\u2019nda ak\u015fam saatlerinde meydana geldi. Edinilen bilgiye g\u00f6re,&#8230;<\/p>\n","protected":false},"author":1,"featured_media":61860,"comment_status":"open","ping_status":"open","sticky":false,"template":"","format":"standard","meta":{"_crdt_document":"","footnotes":""},"categories":[5],"tags":[],"class_list":["post-61859","post","type-post","status-publish","format-standard","has-post-thumbnail","hentry","category-asayis"],"_links":{"self":[{"href":"https:\/\/www.egemtv.com\/index.php?rest_route=\/wp\/v2\/posts\/61859","targetHints":{"allow":["GET"]}}],"collection":[{"href":"https:\/\/www.egemtv.com\/index.php?rest_route=\/wp\/v2\/posts"}],"about":[{"href":"https:\/\/www.egemtv.com\/index.php?rest_route=\/wp\/v2\/types\/post"}],"author":[{"embeddable":true,"href":"https:\/\/www.egemtv.com\/index.php?rest_route=\/wp\/v2\/users\/1"}],"replies":[{"embeddable":true,"href":"https:\/\/www.egemtv.com\/index.php?rest_route=%2Fwp%2Fv2%2Fcomments&post=61859"}],"version-history":[{"count":1,"href":"https:\/\/www.egemtv.com\/index.php?rest_route=\/wp\/v2\/posts\/61859\/revisions"}],"predecessor-version":[{"id":61861,"href":"https:\/\/www.egemtv.com\/index.php?rest_route=\/wp\/v2\/posts\/61859\/revisions\/61861"}],"wp:featuredmedia":[{"embeddable":true,"href":"https:\/\/www.egemtv.com\/index.php?rest_route=\/wp\/v2\/media\/61860"}],"wp:attachment":[{"href":"https:\/\/www.egemtv.com\/index.php?rest_route=%2Fwp%2Fv2%2Fmedia&parent=61859"}],"wp:term":[{"taxonomy":"category","embeddable":true,"href":"https:\/\/www.egemtv.com\/index.php?rest_route=%2Fwp%2Fv2%2Fcategories&post=61859"},{"taxonomy":"post_tag","embeddable":true,"href":"https:\/\/www.egemtv.com\/index.php?rest_route=%2Fwp%2Fv2%2Ftags&post=61859"}],"curies":[{"name":"wp","href":"https:\/\/api.w.org\/{rel}","templated":true}]}}