{"id":61781,"date":"2025-10-16T14:16:30","date_gmt":"2025-10-16T11:16:30","guid":{"rendered":"https:\/\/www.egemtv.com\/?p=61781"},"modified":"2025-10-16T14:16:36","modified_gmt":"2025-10-16T11:16:36","slug":"yenipazarda-hizmet-seferberligi-suruyor","status":"publish","type":"post","link":"https:\/\/www.egemtv.com\/?p=61781","title":{"rendered":"Yenipazar\u2019da hizmet seferberli\u011fi s\u00fcr\u00fcyor"},"content":{"rendered":"<p>Yenipazar Belediyesi, farkl\u0131 mahallelerde yol, altyap\u0131 ve \u00e7evre d\u00fczenleme \u00e7al\u0131\u015fmalar\u0131n\u0131 aral\u0131ks\u0131z s\u00fcrd\u00fcr\u00fcrken, Belediye Ba\u015fkan\u0131 Malik Ercan \u00e7al\u0131\u015fmalar\u0131 yerinde inceledi.<\/p>\n<p>Ayd\u0131n\u2019\u0131n Yenipazar il\u00e7esinde belediye ekipleri farkl\u0131 mahallelerde y\u00fcr\u00fct\u00fclen altyap\u0131, yol ve \u00e7evre d\u00fczenleme \u00e7al\u0131\u015fmalar\u0131na h\u0131z kesmeden devam ediyor. Belediye Ba\u015fkan\u0131 Malik Ercan, devam eden \u00e7al\u0131\u015fmalar\u0131 yerinde inceleyerek vatanda\u015flarla bir araya geldi. Ba\u015fkan Ercan, \u00f6zellikle k\u0131\u015f aylar\u0131nda su birikintileri nedeniyle zor durumda kalan \u00e7ift\u00e7ilerin tarla ve ah\u0131r yollar\u0131nda asfaltlama \u00e7al\u0131\u015fmalar\u0131 yapt\u0131klar\u0131n\u0131 belirtti. Kanalizasyon \u00e7al\u0131\u015fmalar\u0131 tamamlanan sokaklarda ise parke ta\u015f\u0131 d\u00f6\u015feme i\u015flemlerinin son a\u015famaya geldi\u011fini s\u00f6yleyen Ercan, &#8220;Sokakta ya\u015fayan vatanda\u015flar\u0131m\u0131zla g\u00f6r\u00fc\u015ferek, onlar\u0131n fikirleri do\u011frultusunda d\u00fczenlemelerimizi s\u00fcrd\u00fcrece\u011fiz&#8221; dedi.<\/p>\n<p>H\u00fck\u00fcmet Mahallesi\u2019nde bulunan cemiyet alan\u0131nda da geni\u015fletme \u00e7al\u0131\u015fmalar\u0131 yap\u0131ld\u0131\u011f\u0131n\u0131 ifade eden Ba\u015fkan Ercan, parke d\u00f6\u015femesi ve \u00e7evre d\u00fczenlemesiyle alan\u0131n kapasitesinin art\u0131r\u0131laca\u011f\u0131n\u0131 s\u00f6yleyerek &#8220;Yenipazar\u0131m\u0131z i\u00e7in hizmet \u00fcretmeye, \u00e7al\u0131\u015fmaya devam edece\u011fiz. Her \u015fey Yenipazar i\u00e7in&#8221; diyerek hizmet seferberli\u011finin s\u00fcrece\u011fini vurgulad\u0131.<br \/><\/p>\n","protected":false},"excerpt":{"rendered":"<p>Yenipazar Belediyesi, farkl\u0131 mahallelerde yol, altyap\u0131 ve \u00e7evre d\u00fczenleme \u00e7al\u0131\u015fmalar\u0131n\u0131 aral\u0131ks\u0131z s\u00fcrd\u00fcr\u00fcrken, Belediye Ba\u015fkan\u0131 Malik Ercan \u00e7al\u0131\u015fmalar\u0131 yerinde inceledi. Ayd\u0131n\u2019\u0131n Yenipazar il\u00e7esinde belediye ekipleri farkl\u0131 mahallelerde y\u00fcr\u00fct\u00fclen altyap\u0131, yol ve \u00e7evre d\u00fczenleme \u00e7al\u0131\u015fmalar\u0131na h\u0131z kesmeden devam ediyor. Belediye Ba\u015fkan\u0131 Malik Ercan, devam eden \u00e7al\u0131\u015fmalar\u0131 yerinde inceleyerek vatanda\u015flarla bir araya geldi. Ba\u015fkan Ercan, \u00f6zellikle k\u0131\u015f aylar\u0131nda&#8230;<\/p>\n","protected":false},"author":1,"featured_media":61782,"comment_status":"open","ping_status":"open","sticky":false,"template":"","format":"standard","meta":{"_crdt_document":"","footnotes":""},"categories":[1],"tags":[],"class_list":["post-61781","post","type-post","status-publish","format-standard","has-post-thumbnail","hentry","category-guncel"],"_links":{"self":[{"href":"https:\/\/www.egemtv.com\/index.php?rest_route=\/wp\/v2\/posts\/61781","targetHints":{"allow":["GET"]}}],"collection":[{"href":"https:\/\/www.egemtv.com\/index.php?rest_route=\/wp\/v2\/posts"}],"about":[{"href":"https:\/\/www.egemtv.com\/index.php?rest_route=\/wp\/v2\/types\/post"}],"author":[{"embeddable":true,"href":"https:\/\/www.egemtv.com\/index.php?rest_route=\/wp\/v2\/users\/1"}],"replies":[{"embeddable":true,"href":"https:\/\/www.egemtv.com\/index.php?rest_route=%2Fwp%2Fv2%2Fcomments&post=61781"}],"version-history":[{"count":1,"href":"https:\/\/www.egemtv.com\/index.php?rest_route=\/wp\/v2\/posts\/61781\/revisions"}],"predecessor-version":[{"id":61783,"href":"https:\/\/www.egemtv.com\/index.php?rest_route=\/wp\/v2\/posts\/61781\/revisions\/61783"}],"wp:featuredmedia":[{"embeddable":true,"href":"https:\/\/www.egemtv.com\/index.php?rest_route=\/wp\/v2\/media\/61782"}],"wp:attachment":[{"href":"https:\/\/www.egemtv.com\/index.php?rest_route=%2Fwp%2Fv2%2Fmedia&parent=61781"}],"wp:term":[{"taxonomy":"category","embeddable":true,"href":"https:\/\/www.egemtv.com\/index.php?rest_route=%2Fwp%2Fv2%2Fcategories&post=61781"},{"taxonomy":"post_tag","embeddable":true,"href":"https:\/\/www.egemtv.com\/index.php?rest_route=%2Fwp%2Fv2%2Ftags&post=61781"}],"curies":[{"name":"wp","href":"https:\/\/api.w.org\/{rel}","templated":true}]}}