{"id":61772,"date":"2025-10-16T13:15:58","date_gmt":"2025-10-16T10:15:58","guid":{"rendered":"https:\/\/www.egemtv.com\/?p=61772"},"modified":"2025-10-16T13:16:00","modified_gmt":"2025-10-16T10:16:00","slug":"civril-belediyesinden-genclere-buyuk-yatirim","status":"publish","type":"post","link":"https:\/\/www.egemtv.com\/?p=61772","title":{"rendered":"\u00c7ivril Belediyesinden gen\u00e7lere b\u00fcy\u00fck yat\u0131r\u0131m"},"content":{"rendered":"<p>Denizli\u2019nin \u00c7ivril Belediyesi, ya\u015fayan \u00e7ocuklar\u0131n ve gen\u00e7lerin spor yapmas\u0131na imkan sa\u011flamak amac\u0131yla K\u0131z\u0131lcas\u00f6\u011f\u00fct ve A\u015fa\u011f\u0131 Mahallede bulunan iki ortaokulun bah\u00e7esine hal\u0131 saha kazand\u0131rd\u0131.<\/p>\n<p>Gen\u00e7lerin zamanlar\u0131n\u0131 verimli de\u011ferlendirmeleri ve sporla i\u00e7 i\u00e7e bir hayat s\u00fcrmeleri i\u00e7in \u00e7al\u0131\u015fmalar\u0131n\u0131 s\u00fcrd\u00fcren \u00c7ivril Belediyesi, K\u0131z\u0131lcas\u00f6\u011f\u00fct Ortaokulu ve Nevi\u015fet Kamero\u011flu Ortaokulu bah\u00e7elerinde yap\u0131m\u0131n\u0131 tamamlad\u0131\u011f\u0131 hal\u0131 sahalar\u0131 \u00f6\u011frencilerin ve mahalle sakinlerinin hizmetine sundu.<\/p>\n<p>&#8220;\u00c7ocuklar\u0131m\u0131z hem e\u011fitimlerine devam edecek hem de spor yapma imkan\u0131na sahip olacak&#8221;<br \/>\n<br \/>\u00c7ocuklar\u0131n ve gen\u00e7lerin modern, g\u00fcvenli ve sa\u011fl\u0131kl\u0131 ortamlarda spor yapmalar\u0131n\u0131 \u00f6nemsediklerini belirten \u00c7ivril Belediye Ba\u015fkan\u0131 Semih Dere, &#8220;G\u00f6reve geldi\u011fimiz g\u00fcnden bu yana \u00e7ocuklar\u0131m\u0131z\u0131n ve gen\u00e7lerimizin daha donan\u0131ml\u0131 yeti\u015fmeleri, nitelikli e\u011fitim almalar\u0131 ve sa\u011fl\u0131kl\u0131 bireyler olarak b\u00fcy\u00fcmeleri i\u00e7in \u00f6nemli ad\u0131mlar at\u0131yoruz. Bu ad\u0131mlar\u0131n say\u0131s\u0131n\u0131 art\u0131rmaya da gayret g\u00f6steriyoruz. K\u0131z\u0131lcas\u00f6\u011f\u00fct ve A\u015fa\u011f\u0131 Mahallemize kazand\u0131rd\u0131\u011f\u0131m\u0131z hal\u0131 sahalar\u0131m\u0131z, bu \u00e7al\u0131\u015fmalar\u0131m\u0131z\u0131n sadece bir \u00f6rne\u011fi. \u00c7ivrilli \u00e7ocuklar\u0131m\u0131z\u0131n ve gen\u00e7lerimizin okullar\u0131nda ya da mahallelerinde modern, g\u00fcvenli ve konforlu alanlarda spor yapabilmeleri i\u00e7in iki hal\u0131 sahay\u0131 il\u00e7emize kazand\u0131rd\u0131k. Hal\u0131 sahalar\u0131m\u0131z\u0131n okul bah\u00e7esinde yap\u0131lm\u0131\u015f olmas\u0131 da ayr\u0131 bir \u00f6nem ta\u015f\u0131yor. \u00c7ocuklar\u0131m\u0131z hem e\u011fitimlerine devam edecek hem de spor yapma imkan\u0131na sahip olacak. Hal\u0131 sahalar\u0131m\u0131z\u0131n il\u00e7emize hay\u0131rl\u0131 olmas\u0131n\u0131 diliyorum&#8221; dedi.<br \/><\/p>\n","protected":false},"excerpt":{"rendered":"<p>Denizli\u2019nin \u00c7ivril Belediyesi, ya\u015fayan \u00e7ocuklar\u0131n ve gen\u00e7lerin spor yapmas\u0131na imkan sa\u011flamak amac\u0131yla K\u0131z\u0131lcas\u00f6\u011f\u00fct ve A\u015fa\u011f\u0131 Mahallede bulunan iki ortaokulun bah\u00e7esine hal\u0131 saha kazand\u0131rd\u0131. Gen\u00e7lerin zamanlar\u0131n\u0131 verimli de\u011ferlendirmeleri ve sporla i\u00e7 i\u00e7e bir hayat s\u00fcrmeleri i\u00e7in \u00e7al\u0131\u015fmalar\u0131n\u0131 s\u00fcrd\u00fcren \u00c7ivril Belediyesi, K\u0131z\u0131lcas\u00f6\u011f\u00fct Ortaokulu ve Nevi\u015fet Kamero\u011flu Ortaokulu bah\u00e7elerinde yap\u0131m\u0131n\u0131 tamamlad\u0131\u011f\u0131 hal\u0131 sahalar\u0131 \u00f6\u011frencilerin ve mahalle sakinlerinin hizmetine&#8230;<\/p>\n","protected":false},"author":1,"featured_media":61773,"comment_status":"open","ping_status":"open","sticky":false,"template":"","format":"standard","meta":{"_crdt_document":"","footnotes":""},"categories":[4],"tags":[],"class_list":["post-61772","post","type-post","status-publish","format-standard","has-post-thumbnail","hentry","category-spor"],"_links":{"self":[{"href":"https:\/\/www.egemtv.com\/index.php?rest_route=\/wp\/v2\/posts\/61772","targetHints":{"allow":["GET"]}}],"collection":[{"href":"https:\/\/www.egemtv.com\/index.php?rest_route=\/wp\/v2\/posts"}],"about":[{"href":"https:\/\/www.egemtv.com\/index.php?rest_route=\/wp\/v2\/types\/post"}],"author":[{"embeddable":true,"href":"https:\/\/www.egemtv.com\/index.php?rest_route=\/wp\/v2\/users\/1"}],"replies":[{"embeddable":true,"href":"https:\/\/www.egemtv.com\/index.php?rest_route=%2Fwp%2Fv2%2Fcomments&post=61772"}],"version-history":[{"count":1,"href":"https:\/\/www.egemtv.com\/index.php?rest_route=\/wp\/v2\/posts\/61772\/revisions"}],"predecessor-version":[{"id":61774,"href":"https:\/\/www.egemtv.com\/index.php?rest_route=\/wp\/v2\/posts\/61772\/revisions\/61774"}],"wp:featuredmedia":[{"embeddable":true,"href":"https:\/\/www.egemtv.com\/index.php?rest_route=\/wp\/v2\/media\/61773"}],"wp:attachment":[{"href":"https:\/\/www.egemtv.com\/index.php?rest_route=%2Fwp%2Fv2%2Fmedia&parent=61772"}],"wp:term":[{"taxonomy":"category","embeddable":true,"href":"https:\/\/www.egemtv.com\/index.php?rest_route=%2Fwp%2Fv2%2Fcategories&post=61772"},{"taxonomy":"post_tag","embeddable":true,"href":"https:\/\/www.egemtv.com\/index.php?rest_route=%2Fwp%2Fv2%2Ftags&post=61772"}],"curies":[{"name":"wp","href":"https:\/\/api.w.org\/{rel}","templated":true}]}}