{"id":61766,"date":"2025-10-16T13:15:13","date_gmt":"2025-10-16T10:15:13","guid":{"rendered":"https:\/\/www.egemtv.com\/?p=61766"},"modified":"2025-10-16T13:15:34","modified_gmt":"2025-10-16T10:15:34","slug":"bodrum-belediyesinden-estetik-kent-mobilyalari","status":"publish","type":"post","link":"https:\/\/www.egemtv.com\/?p=61766","title":{"rendered":"Bodrum Belediyesi\u2019nden estetik kent mobilyalar\u0131"},"content":{"rendered":"<p>Bodrum Belediyesi, kent esteti\u011fini g\u00fc\u00e7lendirecek yeni kent mobilyalar\u0131 \u00fcretiyor.<\/p>\n<p>Bodrum Belediyesi Destek Hizmetleri M\u00fcd\u00fcrl\u00fc\u011f\u00fc At\u00f6lyeler B\u00fcrosu taraf\u0131ndan kent genelinde ger\u00e7ekle\u015ftirilen \u00e7al\u0131\u015fmalara yenileri eklendi. At\u00f6lyelerde bug\u00fcne kadar \u00fcretilen bank, piknik masas\u0131 ve ofis mobilyalar\u0131n\u0131n yan\u0131 s\u0131ra; masaya d\u00f6n\u00fc\u015febilen bank, kamelyal\u0131 piknik masas\u0131, ah\u015fap kaplama saks\u0131lar, k\u00fcll\u00fckt\u00fc \u00e7\u00f6p kutular\u0131 ve farkl\u0131 alanlarda kullan\u0131lmak \u00fczere ipli, telli ve tamamen ah\u015fap \u00e7it \u00e7e\u015fitleri ile kedi kul\u00fcbeleri de \u00fcretildi. Ayr\u0131ca \u00e7e\u015fitli kurumlara ait panolar i\u00e7in ah\u015fap kaplama pano kabinleri de haz\u0131rlanarak Bodrum\u2019un ana caddeleri, sokaklar\u0131, parklar\u0131, ye\u015fil alanlar\u0131 ve sahil y\u00fcr\u00fcy\u00fc\u015f yollar\u0131na yerle\u015ftirilmeye ba\u015fland\u0131.<\/p>\n<p>Mavi beyaz renklere boyanarak kent esteti\u011fine uyumlu hale getirilen yeni kent mobilyalar\u0131n\u0131n \u00fcretimi ve uygun alanlara yerle\u015ftirilme \u00e7al\u0131\u015fmalar\u0131 belirlenen plan do\u011frultusunda devam edecek.<br \/><\/p>\n","protected":false},"excerpt":{"rendered":"<p>Bodrum Belediyesi, kent esteti\u011fini g\u00fc\u00e7lendirecek yeni kent mobilyalar\u0131 \u00fcretiyor. Bodrum Belediyesi Destek Hizmetleri M\u00fcd\u00fcrl\u00fc\u011f\u00fc At\u00f6lyeler B\u00fcrosu taraf\u0131ndan kent genelinde ger\u00e7ekle\u015ftirilen \u00e7al\u0131\u015fmalara yenileri eklendi. At\u00f6lyelerde bug\u00fcne kadar \u00fcretilen bank, piknik masas\u0131 ve ofis mobilyalar\u0131n\u0131n yan\u0131 s\u0131ra; masaya d\u00f6n\u00fc\u015febilen bank, kamelyal\u0131 piknik masas\u0131, ah\u015fap kaplama saks\u0131lar, k\u00fcll\u00fckt\u00fc \u00e7\u00f6p kutular\u0131 ve farkl\u0131 alanlarda kullan\u0131lmak \u00fczere ipli, telli ve&#8230;<\/p>\n","protected":false},"author":1,"featured_media":61767,"comment_status":"open","ping_status":"open","sticky":false,"template":"","format":"standard","meta":{"_crdt_document":"","footnotes":""},"categories":[1],"tags":[],"class_list":["post-61766","post","type-post","status-publish","format-standard","has-post-thumbnail","hentry","category-guncel"],"_links":{"self":[{"href":"https:\/\/www.egemtv.com\/index.php?rest_route=\/wp\/v2\/posts\/61766","targetHints":{"allow":["GET"]}}],"collection":[{"href":"https:\/\/www.egemtv.com\/index.php?rest_route=\/wp\/v2\/posts"}],"about":[{"href":"https:\/\/www.egemtv.com\/index.php?rest_route=\/wp\/v2\/types\/post"}],"author":[{"embeddable":true,"href":"https:\/\/www.egemtv.com\/index.php?rest_route=\/wp\/v2\/users\/1"}],"replies":[{"embeddable":true,"href":"https:\/\/www.egemtv.com\/index.php?rest_route=%2Fwp%2Fv2%2Fcomments&post=61766"}],"version-history":[{"count":1,"href":"https:\/\/www.egemtv.com\/index.php?rest_route=\/wp\/v2\/posts\/61766\/revisions"}],"predecessor-version":[{"id":61768,"href":"https:\/\/www.egemtv.com\/index.php?rest_route=\/wp\/v2\/posts\/61766\/revisions\/61768"}],"wp:featuredmedia":[{"embeddable":true,"href":"https:\/\/www.egemtv.com\/index.php?rest_route=\/wp\/v2\/media\/61767"}],"wp:attachment":[{"href":"https:\/\/www.egemtv.com\/index.php?rest_route=%2Fwp%2Fv2%2Fmedia&parent=61766"}],"wp:term":[{"taxonomy":"category","embeddable":true,"href":"https:\/\/www.egemtv.com\/index.php?rest_route=%2Fwp%2Fv2%2Fcategories&post=61766"},{"taxonomy":"post_tag","embeddable":true,"href":"https:\/\/www.egemtv.com\/index.php?rest_route=%2Fwp%2Fv2%2Ftags&post=61766"}],"curies":[{"name":"wp","href":"https:\/\/api.w.org\/{rel}","templated":true}]}}