{"id":61763,"date":"2025-10-16T12:55:46","date_gmt":"2025-10-16T09:55:46","guid":{"rendered":"https:\/\/www.egemtv.com\/?p=61763"},"modified":"2025-10-16T12:55:49","modified_gmt":"2025-10-16T09:55:49","slug":"salihlili-merve-cinar-turkiye-sampiyonu-oldu","status":"publish","type":"post","link":"https:\/\/www.egemtv.com\/?p=61763","title":{"rendered":"Salihlili Merve \u00c7\u0131nar, T\u00fcrkiye \u015eampiyonu oldu"},"content":{"rendered":"<p>Manisal\u0131 milli judocu Merve \u00c7\u0131nar, Yozgat\u2019ta d\u00fczenlenen Ku\u015fak G\u00fcre\u015fi T\u00fcrkiye \u015eampiyonas\u0131\u2019nda \u015fampiyonluk kazanarak D\u00fcnya \u015eampiyonas\u0131na kat\u0131lmaya hak kazand\u0131.<br \/>\n<br \/>Manisa\u2019n\u0131n Salihli il\u00e7esinin milli judocusu Merve \u00c7\u0131nar, ilk kez kat\u0131ld\u0131\u011f\u0131 Ku\u015fak G\u00fcre\u015fi T\u00fcrkiye \u015eampiyonas\u0131\u2019nda b\u00fcy\u00fck bir ba\u015far\u0131ya imza att\u0131. Yozgat\u2019ta d\u00fczenlenen \u015fampiyonda 55 kilogram kategorisinde rakiplerini geride b\u0131rakan \u00c7\u0131nar, T\u00fcrkiye \u015eampiyonu olarak Hindistan\u2019da d\u00fczenlenecek D\u00fcnya \u015eampiyonas\u0131\u2019na kat\u0131lma hakk\u0131 kazand\u0131. Ba\u015far\u0131s\u0131yla hem Salihli Belediyespor\u2019u hem de \u00fclkemizi uluslararas\u0131 arenada temsil edecek olan milli sporcu, elde etti\u011fi sonu\u00e7la Salihli\u2019ye b\u00fcy\u00fck bir gurur ya\u015fatt\u0131.<br \/>\n<br \/>Belediye Ba\u015fkan\u0131 Mazlum Nurlu, T\u00fcrkiye \u015eampiyonu \u00c7\u0131nar ve antren\u00f6rlerini tebrik ederek, &#8220;Merve \u00c7\u0131nar\u2019\u0131n elde etti\u011fi bu ba\u015far\u0131, Salihli\u2019mizin spordaki y\u00fckseli\u015finin gurur verici bir g\u00f6stergesidir. D\u00fcnya \u015eampiyonas\u0131\u2019nda da \u00fclkemizi en iyi \u015fekilde temsil edece\u011fine inan\u0131yoruz&#8221; dedi.<br \/><\/p>\n","protected":false},"excerpt":{"rendered":"<p>Manisal\u0131 milli judocu Merve \u00c7\u0131nar, Yozgat\u2019ta d\u00fczenlenen Ku\u015fak G\u00fcre\u015fi T\u00fcrkiye \u015eampiyonas\u0131\u2019nda \u015fampiyonluk kazanarak D\u00fcnya \u015eampiyonas\u0131na kat\u0131lmaya hak kazand\u0131. Manisa\u2019n\u0131n Salihli il\u00e7esinin milli judocusu Merve \u00c7\u0131nar, ilk kez kat\u0131ld\u0131\u011f\u0131 Ku\u015fak G\u00fcre\u015fi T\u00fcrkiye \u015eampiyonas\u0131\u2019nda b\u00fcy\u00fck bir ba\u015far\u0131ya imza att\u0131. Yozgat\u2019ta d\u00fczenlenen \u015fampiyonda 55 kilogram kategorisinde rakiplerini geride b\u0131rakan \u00c7\u0131nar, T\u00fcrkiye \u015eampiyonu olarak Hindistan\u2019da d\u00fczenlenecek D\u00fcnya \u015eampiyonas\u0131\u2019na kat\u0131lma&#8230;<\/p>\n","protected":false},"author":1,"featured_media":61764,"comment_status":"open","ping_status":"open","sticky":false,"template":"","format":"standard","meta":{"_crdt_document":"","footnotes":""},"categories":[4],"tags":[],"class_list":["post-61763","post","type-post","status-publish","format-standard","has-post-thumbnail","hentry","category-spor"],"_links":{"self":[{"href":"https:\/\/www.egemtv.com\/index.php?rest_route=\/wp\/v2\/posts\/61763","targetHints":{"allow":["GET"]}}],"collection":[{"href":"https:\/\/www.egemtv.com\/index.php?rest_route=\/wp\/v2\/posts"}],"about":[{"href":"https:\/\/www.egemtv.com\/index.php?rest_route=\/wp\/v2\/types\/post"}],"author":[{"embeddable":true,"href":"https:\/\/www.egemtv.com\/index.php?rest_route=\/wp\/v2\/users\/1"}],"replies":[{"embeddable":true,"href":"https:\/\/www.egemtv.com\/index.php?rest_route=%2Fwp%2Fv2%2Fcomments&post=61763"}],"version-history":[{"count":1,"href":"https:\/\/www.egemtv.com\/index.php?rest_route=\/wp\/v2\/posts\/61763\/revisions"}],"predecessor-version":[{"id":61765,"href":"https:\/\/www.egemtv.com\/index.php?rest_route=\/wp\/v2\/posts\/61763\/revisions\/61765"}],"wp:featuredmedia":[{"embeddable":true,"href":"https:\/\/www.egemtv.com\/index.php?rest_route=\/wp\/v2\/media\/61764"}],"wp:attachment":[{"href":"https:\/\/www.egemtv.com\/index.php?rest_route=%2Fwp%2Fv2%2Fmedia&parent=61763"}],"wp:term":[{"taxonomy":"category","embeddable":true,"href":"https:\/\/www.egemtv.com\/index.php?rest_route=%2Fwp%2Fv2%2Fcategories&post=61763"},{"taxonomy":"post_tag","embeddable":true,"href":"https:\/\/www.egemtv.com\/index.php?rest_route=%2Fwp%2Fv2%2Ftags&post=61763"}],"curies":[{"name":"wp","href":"https:\/\/api.w.org\/{rel}","templated":true}]}}