{"id":61760,"date":"2025-10-16T12:55:34","date_gmt":"2025-10-16T09:55:34","guid":{"rendered":"https:\/\/www.egemtv.com\/?p=61760"},"modified":"2025-10-16T12:55:40","modified_gmt":"2025-10-16T09:55:40","slug":"genc-kiz-arkadasinin-abisi-ve-kuzenleri-tarafindan-bicaklandi","status":"publish","type":"post","link":"https:\/\/www.egemtv.com\/?p=61760","title":{"rendered":"Gen\u00e7 k\u0131z, arkada\u015f\u0131n\u0131n abisi ve kuzenleri taraf\u0131ndan b\u0131\u00e7akland\u0131"},"content":{"rendered":"<p>Ayd\u0131n\u2019\u0131n Efeler il\u00e7esinde A.G., k\u0131z arkada\u015f\u0131n\u0131n abisi ve kuzenleri taraf\u0131ndan sokak ortas\u0131nda darp edilip b\u0131\u00e7aklan\u0131rken, olayla ilgili Asayi\u015f \u015eube M\u00fcd\u00fcrl\u00fc\u011f\u00fc Cinayet B\u00fcro ekipleri taraf\u0131ndan g\u00f6zalt\u0131na al\u0131nan 4 \u015f\u00fcpheli adliyeye sevk edildi.<br \/>\n<br \/>Olay, Mimar Sinan Mahallesi \u00dcnal \u00d6zg\u00f6dek Bulvar\u0131\u2019nda ak\u015fam saatlerinde meydana geldi. Edinilen bilgiye g\u00f6re, A.G. isimli gen\u00e7 k\u0131z, arkada\u015f\u0131n\u0131n abisi ve kuzenleriyle bulu\u015ftu. Taraflar aras\u0131nda \u00e7\u0131kan tart\u0131\u015fma k\u0131sa s\u00fcrede kavgaya d\u00f6n\u00fc\u015f\u00fcrken, A.G. isimli \u015fah\u0131s H.T., H.T., V.T. ve Y.O. taraf\u0131ndan darp edilerek b\u0131\u00e7akland\u0131. Olay\u0131 g\u00f6renler durumu 112 Acil \u00c7a\u011fr\u0131 Merkezi\u2019ne bildirdi. \u0130hbar \u00fczerine b\u00f6lgeye sa\u011fl\u0131k ve polis ekipleri sevk edildi. K\u0131sa s\u00fcrede olay yerine gelen sa\u011fl\u0131k ekipleri yaral\u0131 \u015fahsa ilk m\u00fcdahaleyi yaparak ambulansla hastaneye kald\u0131rd\u0131. Polis ekipleri de olay\u0131n \u015f\u00fcphelisi 4 ki\u015fiyi tespit ederek g\u00f6zalt\u0131na ald\u0131. \u00d6te yandan \u015fah\u0131slar\u0131n olayda kulland\u0131\u011f\u0131 b\u0131\u00e7ak da ele ge\u00e7irildi. \u015e\u00fcpheliler emniyetteki i\u015flemlerinin ard\u0131ndan geni\u015f g\u00fcvenlik \u00f6nlemleri alt\u0131nda adliyeye sevk edildi.<br \/>\n<br \/>Olayla ilgili soru\u015fturma s\u00fcr\u00fcyor.<br \/><\/p>\n","protected":false},"excerpt":{"rendered":"<p>Ayd\u0131n\u2019\u0131n Efeler il\u00e7esinde A.G., k\u0131z arkada\u015f\u0131n\u0131n abisi ve kuzenleri taraf\u0131ndan sokak ortas\u0131nda darp edilip b\u0131\u00e7aklan\u0131rken, olayla ilgili Asayi\u015f \u015eube M\u00fcd\u00fcrl\u00fc\u011f\u00fc Cinayet B\u00fcro ekipleri taraf\u0131ndan g\u00f6zalt\u0131na al\u0131nan 4 \u015f\u00fcpheli adliyeye sevk edildi. Olay, Mimar Sinan Mahallesi \u00dcnal \u00d6zg\u00f6dek Bulvar\u0131\u2019nda ak\u015fam saatlerinde meydana geldi. Edinilen bilgiye g\u00f6re, A.G. isimli gen\u00e7 k\u0131z, arkada\u015f\u0131n\u0131n abisi ve kuzenleriyle bulu\u015ftu. Taraflar&#8230;<\/p>\n","protected":false},"author":1,"featured_media":61761,"comment_status":"open","ping_status":"open","sticky":false,"template":"","format":"standard","meta":{"_crdt_document":"","footnotes":""},"categories":[5],"tags":[],"class_list":["post-61760","post","type-post","status-publish","format-standard","has-post-thumbnail","hentry","category-asayis"],"_links":{"self":[{"href":"https:\/\/www.egemtv.com\/index.php?rest_route=\/wp\/v2\/posts\/61760","targetHints":{"allow":["GET"]}}],"collection":[{"href":"https:\/\/www.egemtv.com\/index.php?rest_route=\/wp\/v2\/posts"}],"about":[{"href":"https:\/\/www.egemtv.com\/index.php?rest_route=\/wp\/v2\/types\/post"}],"author":[{"embeddable":true,"href":"https:\/\/www.egemtv.com\/index.php?rest_route=\/wp\/v2\/users\/1"}],"replies":[{"embeddable":true,"href":"https:\/\/www.egemtv.com\/index.php?rest_route=%2Fwp%2Fv2%2Fcomments&post=61760"}],"version-history":[{"count":1,"href":"https:\/\/www.egemtv.com\/index.php?rest_route=\/wp\/v2\/posts\/61760\/revisions"}],"predecessor-version":[{"id":61762,"href":"https:\/\/www.egemtv.com\/index.php?rest_route=\/wp\/v2\/posts\/61760\/revisions\/61762"}],"wp:featuredmedia":[{"embeddable":true,"href":"https:\/\/www.egemtv.com\/index.php?rest_route=\/wp\/v2\/media\/61761"}],"wp:attachment":[{"href":"https:\/\/www.egemtv.com\/index.php?rest_route=%2Fwp%2Fv2%2Fmedia&parent=61760"}],"wp:term":[{"taxonomy":"category","embeddable":true,"href":"https:\/\/www.egemtv.com\/index.php?rest_route=%2Fwp%2Fv2%2Fcategories&post=61760"},{"taxonomy":"post_tag","embeddable":true,"href":"https:\/\/www.egemtv.com\/index.php?rest_route=%2Fwp%2Fv2%2Ftags&post=61760"}],"curies":[{"name":"wp","href":"https:\/\/api.w.org\/{rel}","templated":true}]}}