{"id":61754,"date":"2025-10-16T12:35:19","date_gmt":"2025-10-16T09:35:19","guid":{"rendered":"https:\/\/www.egemtv.com\/?p=61754"},"modified":"2025-10-16T12:35:26","modified_gmt":"2025-10-16T09:35:26","slug":"bozdogan-belediyesinden-yol-kenarlarinda-temizlik-calismasi","status":"publish","type":"post","link":"https:\/\/www.egemtv.com\/?p=61754","title":{"rendered":"Bozdo\u011fan Belediyesi\u2019nden yol kenarlar\u0131nda temizlik \u00e7al\u0131\u015fmas\u0131"},"content":{"rendered":"<p>Bozdo\u011fan Belediyesi, il\u00e7e genelinde \u00e7evre temizli\u011fini \u00f6n planda tutarak cadde ve sokaklarda kapsaml\u0131 temizlik \u00e7al\u0131\u015fmalar\u0131 y\u00fcr\u00fct\u00fcyor.<\/p>\n<p>Belediye Temizlik \u0130\u015fleri M\u00fcd\u00fcrl\u00fc\u011f\u00fc b\u00fcnyesinde g\u00f6rev yapan kad\u0131n \u00e7al\u0131\u015fanlar, karayolu ve anayol kenarlar\u0131nda biriken \u00e7\u00f6pleri toplayarak \u00e7evre temizli\u011fi ger\u00e7ekle\u015ftirdi. Kad\u0131n \u00e7al\u0131\u015fanlar\u0131n \u00f6zverili \u00e7al\u0131\u015fmalar\u0131 sayesinde Bozdo\u011fan\u2019\u0131n giri\u015f ve \u00e7\u0131k\u0131\u015f noktalar\u0131 daha d\u00fczenli ve temiz bir g\u00f6r\u00fcn\u00fcme kavu\u015ftu.<\/p>\n<p>Temizlik \u00e7al\u0131\u015fmalar\u0131n\u0131 yak\u0131ndan takip eden Bozdo\u011fan Belediye Ba\u015fkan\u0131 Mustafa Galip \u00d6zel, yapt\u0131\u011f\u0131 a\u00e7\u0131klamada kad\u0131n \u00e7al\u0131\u015fanlara te\u015fekk\u00fcr ederek \u015funlar\u0131 s\u00f6yledi: &#8220;Bozdo\u011fan\u2019\u0131m\u0131z\u0131n temizli\u011fi i\u00e7in gece g\u00fcnd\u00fcz demeden \u00e7al\u0131\u015fan kad\u0131n emek\u00e7ilerimize te\u015fekk\u00fcr ediyorum. Onlar\u0131n gayretiyle hem il\u00e7emiz g\u00fczelle\u015fiyor hem de kad\u0131n istihdam\u0131 konusunda \u00f6rnek bir duru\u015f sergiliyoruz. Kad\u0131n eli de\u011fen her yer g\u00fczelle\u015fir&#8221;<\/p>\n<p>Belediye ekiplerinin \u00e7evre temizli\u011fi \u00e7al\u0131\u015fmalar\u0131na il\u00e7e genelinde d\u00fczenli olarak devam edece\u011fi belirtildi.<br \/><\/p>\n","protected":false},"excerpt":{"rendered":"<p>Bozdo\u011fan Belediyesi, il\u00e7e genelinde \u00e7evre temizli\u011fini \u00f6n planda tutarak cadde ve sokaklarda kapsaml\u0131 temizlik \u00e7al\u0131\u015fmalar\u0131 y\u00fcr\u00fct\u00fcyor. Belediye Temizlik \u0130\u015fleri M\u00fcd\u00fcrl\u00fc\u011f\u00fc b\u00fcnyesinde g\u00f6rev yapan kad\u0131n \u00e7al\u0131\u015fanlar, karayolu ve anayol kenarlar\u0131nda biriken \u00e7\u00f6pleri toplayarak \u00e7evre temizli\u011fi ger\u00e7ekle\u015ftirdi. Kad\u0131n \u00e7al\u0131\u015fanlar\u0131n \u00f6zverili \u00e7al\u0131\u015fmalar\u0131 sayesinde Bozdo\u011fan\u2019\u0131n giri\u015f ve \u00e7\u0131k\u0131\u015f noktalar\u0131 daha d\u00fczenli ve temiz bir g\u00f6r\u00fcn\u00fcme kavu\u015ftu. Temizlik \u00e7al\u0131\u015fmalar\u0131n\u0131 yak\u0131ndan&#8230;<\/p>\n","protected":false},"author":1,"featured_media":61755,"comment_status":"open","ping_status":"open","sticky":false,"template":"","format":"standard","meta":{"_crdt_document":"","footnotes":""},"categories":[1],"tags":[],"class_list":["post-61754","post","type-post","status-publish","format-standard","has-post-thumbnail","hentry","category-guncel"],"_links":{"self":[{"href":"https:\/\/www.egemtv.com\/index.php?rest_route=\/wp\/v2\/posts\/61754","targetHints":{"allow":["GET"]}}],"collection":[{"href":"https:\/\/www.egemtv.com\/index.php?rest_route=\/wp\/v2\/posts"}],"about":[{"href":"https:\/\/www.egemtv.com\/index.php?rest_route=\/wp\/v2\/types\/post"}],"author":[{"embeddable":true,"href":"https:\/\/www.egemtv.com\/index.php?rest_route=\/wp\/v2\/users\/1"}],"replies":[{"embeddable":true,"href":"https:\/\/www.egemtv.com\/index.php?rest_route=%2Fwp%2Fv2%2Fcomments&post=61754"}],"version-history":[{"count":1,"href":"https:\/\/www.egemtv.com\/index.php?rest_route=\/wp\/v2\/posts\/61754\/revisions"}],"predecessor-version":[{"id":61756,"href":"https:\/\/www.egemtv.com\/index.php?rest_route=\/wp\/v2\/posts\/61754\/revisions\/61756"}],"wp:featuredmedia":[{"embeddable":true,"href":"https:\/\/www.egemtv.com\/index.php?rest_route=\/wp\/v2\/media\/61755"}],"wp:attachment":[{"href":"https:\/\/www.egemtv.com\/index.php?rest_route=%2Fwp%2Fv2%2Fmedia&parent=61754"}],"wp:term":[{"taxonomy":"category","embeddable":true,"href":"https:\/\/www.egemtv.com\/index.php?rest_route=%2Fwp%2Fv2%2Fcategories&post=61754"},{"taxonomy":"post_tag","embeddable":true,"href":"https:\/\/www.egemtv.com\/index.php?rest_route=%2Fwp%2Fv2%2Ftags&post=61754"}],"curies":[{"name":"wp","href":"https:\/\/api.w.org\/{rel}","templated":true}]}}