{"id":61751,"date":"2025-10-16T12:35:09","date_gmt":"2025-10-16T09:35:09","guid":{"rendered":"https:\/\/www.egemtv.com\/?p=61751"},"modified":"2025-10-16T12:35:13","modified_gmt":"2025-10-16T09:35:13","slug":"muglada-19-bin-isletme-gida-denetiminden-gecti","status":"publish","type":"post","link":"https:\/\/www.egemtv.com\/?p=61751","title":{"rendered":"Mu\u011fla\u2019da 19 bin i\u015fletme g\u0131da denetiminden ge\u00e7ti"},"content":{"rendered":"<p>Mu\u011fla Tar\u0131m ve Orman \u0130l M\u00fcd\u00fcr\u00fc Seyfettin Baydar, D\u00fcnya G\u0131da G\u00fcn\u00fc nedeniyle yapt\u0131\u011f\u0131 a\u00e7\u0131klamada, 2025 y\u0131l\u0131nda 19 bin 120 i\u015fletmeyi denetlerken, 512 \u0130dari yapt\u0131r\u0131m karar\u0131 uygulad\u0131. \u0130l Tar\u0131m ve Orman M\u00fcd\u00fcr\u00fc Baydar, vatanda\u015flar\u0131n sa\u011fl\u0131kl\u0131 g\u0131daya ula\u015f\u0131m\u0131 i\u00e7in denetimlerin devam edece\u011fini a\u00e7\u0131klad\u0131.<br \/>\n<br \/>Birle\u015fmi\u015f Milletler G\u0131da ve Tar\u0131m \u00d6rg\u00fct\u00fc (FAO) taraf\u0131ndan 1945 y\u0131l\u0131nda kuruldu\u011fu tarih olan 16 Ekim, her y\u0131l \u2018D\u00fcnya G\u0131da G\u00fcn\u00fc\u2019 olarak kutlan\u0131yor. Bu \u00f6zel g\u00fcn, d\u00fcnya genelinde 150\u2019den fazla \u00fclkede d\u00fczenlenen etkinliklerle g\u0131dan\u0131n \u00f6nemi, g\u00fcvenli\u011fi ve s\u00fcrd\u00fcr\u00fclebilirli\u011fi konusunda fark\u0131ndal\u0131k olu\u015fturmay\u0131 ama\u00e7l\u0131yor.<br \/>\n<br \/>Mu\u011fla\u2019da D\u00fcnya G\u0131da G\u00fcn\u00fc kutlan\u0131yor<br \/>\n<br \/>Bu y\u0131l \u2018Daha \u0130yi G\u0131dalar ve Daha \u0130yi Bir Gelecek \u0130\u00e7in El Ele\u2019 temas\u0131yla kutlanan D\u00fcnya G\u0131da G\u00fcn\u00fc kapsam\u0131nda, Mu\u011fla \u0130l Tar\u0131m ve Orman M\u00fcd\u00fcr\u00fc fark\u0131ndal\u0131k olu\u015fturmak ad\u0131na a\u00e7\u0131klamalarda bulundu. \u0130l M\u00fcd\u00fcr\u00fc Seyfettin Baydar, yapt\u0131\u011f\u0131 a\u00e7\u0131klamada, Mu\u011fla genelinde y\u00fcr\u00fct\u00fclen g\u0131da g\u00fcvenli\u011fi \u00e7al\u0131\u015fmalar\u0131na dikkat \u00e7ekti.<br \/>\n<br \/>&#8220;Halk\u0131n sa\u011fl\u0131kl\u0131 ve g\u00fcvenilir g\u0131daya eri\u015fimi i\u00e7in \u00e7al\u0131\u015f\u0131yoruz&#8221;<br \/>\n<br \/>\u0130l M\u00fcd\u00fcr\u00fc Baydar a\u00e7\u0131klamas\u0131nda, &#8220;Mu\u011fla\u2019da halk\u0131n sa\u011fl\u0131kl\u0131 ve g\u00fcvenilir g\u0131daya eri\u015fimi i\u00e7in \u00fcretimin her ad\u0131m\u0131nda \u00fczerimize d\u00fc\u015fen g\u00f6revleri yerine getirmekteyiz. Bu y\u0131l i\u00e7erisinde 19 bin 120 adet denetim ger\u00e7ekle\u015ftirdik ve 669 numune alarak kontrollerini yapt\u0131k. \u0130limiz genelinde aktif olarak g\u00f6rev yapan 99 g\u0131da kontrol g\u00f6revlimizle \u00e7al\u0131\u015fmalar\u0131m\u0131z\u0131 titizlikle s\u00fcrd\u00fcr\u00fcyoruz, ALO 174 G\u0131da Hatt\u0131na gelen her ihbar\u0131 titizlikle de\u011ferlendiriyoruz. Bu y\u0131lba\u015f\u0131ndan itibaren 15 Ekim 2025 tarihine kadar 935 adet ba\u015fvuru de\u011ferlendirmesini yapt\u0131k ve vatanda\u015flar\u0131 bilgilendirerek sonland\u0131rd\u0131k. 512 adet idari yapt\u0131r\u0131m karar\u0131n\u0131 uygulad\u0131k&#8221; ifadelerini kulland\u0131.<br \/>\n<br \/>G\u0131da israf\u0131na dikkat \u00e7ekti<br \/>\n<br \/>\u0130l M\u00fcd\u00fcr\u00fc Baydar konu\u015fmas\u0131nda g\u0131da israf\u0131n\u0131n k\u00fcresel \u00f6l\u00e7ekte ciddi bir sorun haline geldi\u011fini vurgulad\u0131: Baydar, &#8220;G\u0131da israf\u0131, \u00fcretilen g\u0131dalar\u0131n \u00f6l\u00e7\u00fcs\u00fcz veya bilin\u00e7sizce t\u00fcketilmeden \u00e7\u00f6pe gitmesidir. D\u00fcnyada her y\u0131l g\u0131dalar\u0131n yakla\u015f\u0131k \u00fc\u00e7te biri kaybedilmekte ya da israf edilmektedir. T\u00fcrkiye\u2019de ise ki\u015fi ba\u015f\u0131na y\u0131lda ortalama 93 kilogram yiyecek \u00e7\u00f6pe at\u0131lmaktad\u0131r. Bu, t\u00fcketime haz\u0131r g\u0131dalar\u0131n y\u00fczde 17\u2019sinin do\u011frudan \u00e7\u00f6pe gitmesi anlam\u0131na geliyor&#8221; dedi.<br \/>\n<br \/>&#8220;Her dokuz ki\u015fiden biri a\u00e7l\u0131kla kar\u015f\u0131 kar\u015f\u0131ya&#8221;<br \/>\n<br \/>&#8220;K\u00fcresel olarak bak\u0131ld\u0131\u011f\u0131nda, \u00fcretilen t\u00fcm g\u0131dalar\u0131n \u00fc\u00e7te birinden fazlas\u0131 israf edilerek \u00e7\u00f6pe at\u0131l\u0131yor. Oysa d\u00fcnya \u00fczerinde her dokuz ki\u015fiden biri a\u00e7l\u0131kla kar\u015f\u0131 kar\u015f\u0131ya. Bu tablo, g\u0131dan\u0131n ne kadar de\u011ferli oldu\u011funu a\u00e7\u0131k\u00e7a g\u00f6steriyor&#8221; diyen Baydar, g\u0131da israf\u0131n\u0131n \u00f6nlenmesinin insanl\u0131k i\u00e7in ahlaki bir sorumluluk oldu\u011funu belirtti.<br \/>\n<br \/>&#8220;S\u00fcrd\u00fcr\u00fclebilir g\u0131da gelece\u011fi i\u00e7in \u00e7al\u0131\u015fmaya devam edece\u011fiz&#8221;<br \/>\n<br \/>\u0130l M\u00fcd\u00fcr\u00fc Baydar, T\u00fcrkiye\u2019nin g\u00fc\u00e7l\u00fc bir tar\u0131m \u00fclkesi oldu\u011funa dikkat \u00e7ekerek, &#8220;Tar\u0131m sekt\u00f6r\u00fc \u00fclkemiz ekonomisinin en \u00f6nemli yap\u0131 ta\u015flar\u0131ndan biridir. Bakanl\u0131k olarak, s\u00fcrd\u00fcr\u00fclebilir, g\u00fcvenli ve sa\u011fl\u0131kl\u0131 g\u0131daya ula\u015f\u0131m konusunda fark\u0131ndal\u0131k olu\u015fturmak ve gelece\u011fe daha g\u00fc\u00e7l\u00fc bir g\u0131da sistemi b\u0131rakmak i\u00e7in var g\u00fcc\u00fcm\u00fczle \u00e7al\u0131\u015fmaya devam edece\u011fiz&#8221; dedi.<br \/><\/p>\n","protected":false},"excerpt":{"rendered":"<p>Mu\u011fla Tar\u0131m ve Orman \u0130l M\u00fcd\u00fcr\u00fc Seyfettin Baydar, D\u00fcnya G\u0131da G\u00fcn\u00fc nedeniyle yapt\u0131\u011f\u0131 a\u00e7\u0131klamada, 2025 y\u0131l\u0131nda 19 bin 120 i\u015fletmeyi denetlerken, 512 \u0130dari yapt\u0131r\u0131m karar\u0131 uygulad\u0131. \u0130l Tar\u0131m ve Orman M\u00fcd\u00fcr\u00fc Baydar, vatanda\u015flar\u0131n sa\u011fl\u0131kl\u0131 g\u0131daya ula\u015f\u0131m\u0131 i\u00e7in denetimlerin devam edece\u011fini a\u00e7\u0131klad\u0131. Birle\u015fmi\u015f Milletler G\u0131da ve Tar\u0131m \u00d6rg\u00fct\u00fc (FAO) taraf\u0131ndan 1945 y\u0131l\u0131nda kuruldu\u011fu tarih olan 16&#8230;<\/p>\n","protected":false},"author":1,"featured_media":61752,"comment_status":"open","ping_status":"open","sticky":false,"template":"","format":"standard","meta":{"_crdt_document":"","footnotes":""},"categories":[2],"tags":[],"class_list":["post-61751","post","type-post","status-publish","format-standard","has-post-thumbnail","hentry","category-saglik"],"_links":{"self":[{"href":"https:\/\/www.egemtv.com\/index.php?rest_route=\/wp\/v2\/posts\/61751","targetHints":{"allow":["GET"]}}],"collection":[{"href":"https:\/\/www.egemtv.com\/index.php?rest_route=\/wp\/v2\/posts"}],"about":[{"href":"https:\/\/www.egemtv.com\/index.php?rest_route=\/wp\/v2\/types\/post"}],"author":[{"embeddable":true,"href":"https:\/\/www.egemtv.com\/index.php?rest_route=\/wp\/v2\/users\/1"}],"replies":[{"embeddable":true,"href":"https:\/\/www.egemtv.com\/index.php?rest_route=%2Fwp%2Fv2%2Fcomments&post=61751"}],"version-history":[{"count":1,"href":"https:\/\/www.egemtv.com\/index.php?rest_route=\/wp\/v2\/posts\/61751\/revisions"}],"predecessor-version":[{"id":61753,"href":"https:\/\/www.egemtv.com\/index.php?rest_route=\/wp\/v2\/posts\/61751\/revisions\/61753"}],"wp:featuredmedia":[{"embeddable":true,"href":"https:\/\/www.egemtv.com\/index.php?rest_route=\/wp\/v2\/media\/61752"}],"wp:attachment":[{"href":"https:\/\/www.egemtv.com\/index.php?rest_route=%2Fwp%2Fv2%2Fmedia&parent=61751"}],"wp:term":[{"taxonomy":"category","embeddable":true,"href":"https:\/\/www.egemtv.com\/index.php?rest_route=%2Fwp%2Fv2%2Fcategories&post=61751"},{"taxonomy":"post_tag","embeddable":true,"href":"https:\/\/www.egemtv.com\/index.php?rest_route=%2Fwp%2Fv2%2Ftags&post=61751"}],"curies":[{"name":"wp","href":"https:\/\/api.w.org\/{rel}","templated":true}]}}