{"id":61748,"date":"2025-10-16T12:15:25","date_gmt":"2025-10-16T09:15:25","guid":{"rendered":"https:\/\/www.egemtv.com\/?p=61748"},"modified":"2025-10-16T12:15:31","modified_gmt":"2025-10-16T09:15:31","slug":"afaddan-okullarda-yangin-ve-deprem-tatbikati","status":"publish","type":"post","link":"https:\/\/www.egemtv.com\/?p=61748","title":{"rendered":"AFAD\u2019dan okullarda yang\u0131n ve deprem tatbikat\u0131"},"content":{"rendered":"<p>Afyonkarahisar \u0130l Afet Acil Durum M\u00fcd\u00fcrl\u00fc\u011f\u00fc (AFAD) taraf\u0131ndan ilk ve ortaokul \u00f6\u011frencilerine y\u00f6nelik deprem tahliye ve yang\u0131n tatbikat\u0131 ger\u00e7ekle\u015ftirildi.<br \/>\n<br \/>Tatbikat D\u00fcza\u011fa\u00e7 Ortaokulu ve \u0130stiklal \u0130lkokulunda yap\u0131ld\u0131. AFAD personelleri \u00f6nc\u00fcl\u00fc\u011f\u00fcnde ger\u00e7ekle\u015ftirilen tatbikat\u0131n ard\u0131ndan yap\u0131lan a\u00e7\u0131klamada, &#8220;Okullar\u0131m\u0131zda afet fark\u0131ndal\u0131k e\u011fitimi ger\u00e7ekle\u015ftirilmi\u015ftir. E\u011fitimde \u00f6\u011frencilere afetler kar\u015f\u0131s\u0131nda do\u011fru davran\u0131\u015f bi\u00e7imleri aktar\u0131lm\u0131\u015f, deprem tahliye ve yang\u0131n tatbikatlar ba\u015far\u0131yla uygulanm\u0131\u015ft\u0131r&#8221; ifadelerine yer verildi.<br \/><\/p>\n","protected":false},"excerpt":{"rendered":"<p>Afyonkarahisar \u0130l Afet Acil Durum M\u00fcd\u00fcrl\u00fc\u011f\u00fc (AFAD) taraf\u0131ndan ilk ve ortaokul \u00f6\u011frencilerine y\u00f6nelik deprem tahliye ve yang\u0131n tatbikat\u0131 ger\u00e7ekle\u015ftirildi. Tatbikat D\u00fcza\u011fa\u00e7 Ortaokulu ve \u0130stiklal \u0130lkokulunda yap\u0131ld\u0131. AFAD personelleri \u00f6nc\u00fcl\u00fc\u011f\u00fcnde ger\u00e7ekle\u015ftirilen tatbikat\u0131n ard\u0131ndan yap\u0131lan a\u00e7\u0131klamada, &#8220;Okullar\u0131m\u0131zda afet fark\u0131ndal\u0131k e\u011fitimi ger\u00e7ekle\u015ftirilmi\u015ftir. E\u011fitimde \u00f6\u011frencilere afetler kar\u015f\u0131s\u0131nda do\u011fru davran\u0131\u015f bi\u00e7imleri aktar\u0131lm\u0131\u015f, deprem tahliye ve yang\u0131n tatbikatlar ba\u015far\u0131yla uygulanm\u0131\u015ft\u0131r&#8221; ifadelerine&#8230;<\/p>\n","protected":false},"author":1,"featured_media":61749,"comment_status":"open","ping_status":"open","sticky":false,"template":"","format":"standard","meta":{"_crdt_document":"","footnotes":""},"categories":[1],"tags":[],"class_list":["post-61748","post","type-post","status-publish","format-standard","has-post-thumbnail","hentry","category-guncel"],"_links":{"self":[{"href":"https:\/\/www.egemtv.com\/index.php?rest_route=\/wp\/v2\/posts\/61748","targetHints":{"allow":["GET"]}}],"collection":[{"href":"https:\/\/www.egemtv.com\/index.php?rest_route=\/wp\/v2\/posts"}],"about":[{"href":"https:\/\/www.egemtv.com\/index.php?rest_route=\/wp\/v2\/types\/post"}],"author":[{"embeddable":true,"href":"https:\/\/www.egemtv.com\/index.php?rest_route=\/wp\/v2\/users\/1"}],"replies":[{"embeddable":true,"href":"https:\/\/www.egemtv.com\/index.php?rest_route=%2Fwp%2Fv2%2Fcomments&post=61748"}],"version-history":[{"count":1,"href":"https:\/\/www.egemtv.com\/index.php?rest_route=\/wp\/v2\/posts\/61748\/revisions"}],"predecessor-version":[{"id":61750,"href":"https:\/\/www.egemtv.com\/index.php?rest_route=\/wp\/v2\/posts\/61748\/revisions\/61750"}],"wp:featuredmedia":[{"embeddable":true,"href":"https:\/\/www.egemtv.com\/index.php?rest_route=\/wp\/v2\/media\/61749"}],"wp:attachment":[{"href":"https:\/\/www.egemtv.com\/index.php?rest_route=%2Fwp%2Fv2%2Fmedia&parent=61748"}],"wp:term":[{"taxonomy":"category","embeddable":true,"href":"https:\/\/www.egemtv.com\/index.php?rest_route=%2Fwp%2Fv2%2Fcategories&post=61748"},{"taxonomy":"post_tag","embeddable":true,"href":"https:\/\/www.egemtv.com\/index.php?rest_route=%2Fwp%2Fv2%2Ftags&post=61748"}],"curies":[{"name":"wp","href":"https:\/\/api.w.org\/{rel}","templated":true}]}}