{"id":61745,"date":"2025-10-16T12:15:21","date_gmt":"2025-10-16T09:15:21","guid":{"rendered":"https:\/\/www.egemtv.com\/?p=61745"},"modified":"2025-10-16T12:15:23","modified_gmt":"2025-10-16T09:15:23","slug":"domanicte-genc-girisimcinin-2-donumluk-ahududu-bahcesini-ayilar-talan-etti","status":"publish","type":"post","link":"https:\/\/www.egemtv.com\/?p=61745","title":{"rendered":"Domani\u00e7\u2019te gen\u00e7 giri\u015fimcinin 2 d\u00f6n\u00fcml\u00fck ahududu bah\u00e7esini ay\u0131lar talan etti"},"content":{"rendered":"<p>K\u00fctahya\u2019n\u0131n Domani\u00e7 il\u00e7esinde gen\u00e7 giri\u015fimcinin hibe deste\u011fiyle 3 y\u0131l \u00f6nce kurdu\u011fu 2 d\u00f6n\u00fcml\u00fck ahududu bah\u00e7esi ay\u0131lar taraf\u0131ndan talan edildi.<br \/>\n<br \/>Domani\u00e7\u2019e ba\u011fl\u0131 bin 569 rak\u0131ml\u0131 Safa k\u00f6y\u00fcnde \u00e7ilek ve patates \u00fcreticili\u011finin yan\u0131ndan son y\u0131llarda az say\u0131daki gen\u00e7 giri\u015fimci, devlet deste\u011fi ile \u00fcr\u00fcn \u00e7e\u015fitlili\u011fine giderek engebeli arazide ahududu yeti\u015ftirmeye ba\u015flad\u0131. Ancak b\u00f6lgede ay\u0131lar\u0131n ekili arazilerine zarar vermesi \u00fczerine \u00fcreticiler \u00fcretim alan\u0131 \u00e7evresini elektrikli tellerle \u00e7evirdi ve hayvan kovucu ses bombalar\u0131 yerle\u015ftirdi.<br \/>\n<br \/>Safa k\u00f6y\u00fcnde oturan gen\u00e7 giri\u015fimci Esra Yavuz, devlet deste\u011fi ile 3 y\u0131l \u00f6nce babas\u0131n\u0131n \u00e7ilek tarlas\u0131n\u0131 ahududu tarlas\u0131na \u00e7evirdi. 3 y\u0131ll\u0131k bekleyi\u015fin ard\u0131ndan bu y\u0131l fidanlar meyve vermeye ba\u015flad\u0131. \u0130lk hasattan y\u00fcz kilo meyve toplayan Yavuz, ertesi g\u00fcn\u00fc tek ba\u015f\u0131na gitti\u011fi tarlas\u0131nda bir ay\u0131 ve yavrusu ile burun buruna gelince korkudan ne yapaca\u011f\u0131n\u0131 \u015fa\u015f\u0131rd\u0131.<\/p>\n<p>&#8220;3 y\u0131ll\u0131k eme\u011fim bo\u015fa gitti&#8221;<br \/>\n<br \/>Tarlalar\u0131n\u0131n etraf\u0131n\u0131 dikenli tel ile \u00e7evirdiklerini, g\u00fcne\u015f enerjisi ile \u00e7al\u0131\u015fan ve elektrik \u015foku veren sistem ve t\u00fcp gazla \u00e7al\u0131\u015fan ses bombas\u0131 d\u00fczene\u011fi kurduklar\u0131n\u0131 s\u00f6yleyen Esra Yavuz, &#8220;Tarlam\u0131z k\u00f6yden birka\u00e7 kilometre \u00f6tede k\u00f6ye yak\u0131n oldu\u011fundan korkmadan tarlaya tek ba\u015f\u0131ma gidip geliyordum. Yine tarlama hasat i\u00e7in geldi\u011fimde bir anne ay\u0131 ve yavrusu ile burun buruna geldim. A\u015f\u0131r\u0131 derecede ahududu yiyen ay\u0131lar\u0131n kar\u0131nlar\u0131 doydu\u011fu i\u00e7in bana hi\u00e7bir tepki vermeden yava\u015f yava\u015f geldikleri yerden \u00e7\u0131k\u0131p gittiler. K\u00f6y \u00e7ocu\u011fuyum do\u011fayla i\u00e7 i\u00e7e b\u00fcy\u00fcd\u00fcm. Ancak bundan sonra tek ba\u015f\u0131ma gelmem gelemem. T\u00fcm tedbirlere ra\u011fmen ay\u0131lar nas\u0131l tarlaya girdi anlayamad\u0131m. 2 d\u00f6n\u00fcml\u00fck ahududu bah\u00e7emden \u00fcr\u00fcn alamad\u0131m. 3 y\u0131ll\u0131k eme\u011fim bo\u015fa gitti. Binlerce liral\u0131k zarar\u0131m var, ama en az\u0131ndan can\u0131ma zarar gelmedi. Devletten destek bekliyorum&#8221; dedi.<br \/><\/p>\n","protected":false},"excerpt":{"rendered":"<p>K\u00fctahya\u2019n\u0131n Domani\u00e7 il\u00e7esinde gen\u00e7 giri\u015fimcinin hibe deste\u011fiyle 3 y\u0131l \u00f6nce kurdu\u011fu 2 d\u00f6n\u00fcml\u00fck ahududu bah\u00e7esi ay\u0131lar taraf\u0131ndan talan edildi. Domani\u00e7\u2019e ba\u011fl\u0131 bin 569 rak\u0131ml\u0131 Safa k\u00f6y\u00fcnde \u00e7ilek ve patates \u00fcreticili\u011finin yan\u0131ndan son y\u0131llarda az say\u0131daki gen\u00e7 giri\u015fimci, devlet deste\u011fi ile \u00fcr\u00fcn \u00e7e\u015fitlili\u011fine giderek engebeli arazide ahududu yeti\u015ftirmeye ba\u015flad\u0131. Ancak b\u00f6lgede ay\u0131lar\u0131n ekili arazilerine zarar vermesi&#8230;<\/p>\n","protected":false},"author":1,"featured_media":61746,"comment_status":"open","ping_status":"open","sticky":false,"template":"","format":"standard","meta":{"_crdt_document":"","footnotes":""},"categories":[125],"tags":[],"class_list":["post-61745","post","type-post","status-publish","format-standard","has-post-thumbnail","hentry","category-ekonomi"],"_links":{"self":[{"href":"https:\/\/www.egemtv.com\/index.php?rest_route=\/wp\/v2\/posts\/61745","targetHints":{"allow":["GET"]}}],"collection":[{"href":"https:\/\/www.egemtv.com\/index.php?rest_route=\/wp\/v2\/posts"}],"about":[{"href":"https:\/\/www.egemtv.com\/index.php?rest_route=\/wp\/v2\/types\/post"}],"author":[{"embeddable":true,"href":"https:\/\/www.egemtv.com\/index.php?rest_route=\/wp\/v2\/users\/1"}],"replies":[{"embeddable":true,"href":"https:\/\/www.egemtv.com\/index.php?rest_route=%2Fwp%2Fv2%2Fcomments&post=61745"}],"version-history":[{"count":1,"href":"https:\/\/www.egemtv.com\/index.php?rest_route=\/wp\/v2\/posts\/61745\/revisions"}],"predecessor-version":[{"id":61747,"href":"https:\/\/www.egemtv.com\/index.php?rest_route=\/wp\/v2\/posts\/61745\/revisions\/61747"}],"wp:featuredmedia":[{"embeddable":true,"href":"https:\/\/www.egemtv.com\/index.php?rest_route=\/wp\/v2\/media\/61746"}],"wp:attachment":[{"href":"https:\/\/www.egemtv.com\/index.php?rest_route=%2Fwp%2Fv2%2Fmedia&parent=61745"}],"wp:term":[{"taxonomy":"category","embeddable":true,"href":"https:\/\/www.egemtv.com\/index.php?rest_route=%2Fwp%2Fv2%2Fcategories&post=61745"},{"taxonomy":"post_tag","embeddable":true,"href":"https:\/\/www.egemtv.com\/index.php?rest_route=%2Fwp%2Fv2%2Ftags&post=61745"}],"curies":[{"name":"wp","href":"https:\/\/api.w.org\/{rel}","templated":true}]}}