{"id":61739,"date":"2025-10-16T12:15:10","date_gmt":"2025-10-16T09:15:10","guid":{"rendered":"https:\/\/www.egemtv.com\/?p=61739"},"modified":"2025-10-16T12:15:13","modified_gmt":"2025-10-16T09:15:13","slug":"diyanet-genclik-merkezinde-soylesiler-devam-ediyor","status":"publish","type":"post","link":"https:\/\/www.egemtv.com\/?p=61739","title":{"rendered":"Diyanet Gen\u00e7lik Merkezi\u2019nde s\u00f6yle\u015filer devam ediyor"},"content":{"rendered":"<p>Afyonkarahisar Diyanet Gen\u00e7lik Merkezi\u2019nde \u2018Akademik S\u00f6yle\u015filer Serisi\u2019 \u00e7er\u00e7evesinde Do\u00e7. Dr. Hasan Camc\u0131\u2019n\u0131n konu\u015fmac\u0131 olarak kat\u0131ld\u0131\u011f\u0131 &#8220;Ortalama\u2019ya D\u00f6n\u00fc\u015f Yasas\u0131 ve Ya\u015fama Sanat\u0131&#8221; konulu program ger\u00e7ekle\u015ftirildi.<br \/>\n<br \/>Program, yemek ikram\u0131 ve Kur\u2019an-\u0131 Kerim tilaveti ile ba\u015flad\u0131. S\u00f6yle\u015fiye, \u0130l M\u00fcft\u00fc Yard\u0131mc\u0131s\u0131 Tu\u011fba Anatoprak, manevi dan\u0131\u015fmanlar ve gen\u00e7ler kat\u0131ld\u0131. Do\u00e7. Dr. Hasan Camc\u0131, konu\u015fmas\u0131nda ortalama kavram\u0131n\u0131n insan ya\u015fam\u0131ndaki dengeyi temsil etti\u011fini, \u00f6l\u00e7\u00fcl\u00fc olman\u0131n hem psikolojik hem de manevi a\u00e7\u0131dan huzurun temeli oldu\u011funu ifade etti.<br \/>\n<br \/>Program\u0131n sonunda Anatoprak taraf\u0131ndan Do\u00e7. Dr. Hasan Camc\u0131\u2019ya hediye takdimi yap\u0131ld\u0131. S\u00f6yle\u015fi, te\u015fekk\u00fcr konu\u015fmalar\u0131 ve hat\u0131ra foto\u011fraf\u0131 \u00e7ekimi ile sona erdi.<br \/><\/p>\n","protected":false},"excerpt":{"rendered":"<p>Afyonkarahisar Diyanet Gen\u00e7lik Merkezi\u2019nde \u2018Akademik S\u00f6yle\u015filer Serisi\u2019 \u00e7er\u00e7evesinde Do\u00e7. Dr. Hasan Camc\u0131\u2019n\u0131n konu\u015fmac\u0131 olarak kat\u0131ld\u0131\u011f\u0131 &#8220;Ortalama\u2019ya D\u00f6n\u00fc\u015f Yasas\u0131 ve Ya\u015fama Sanat\u0131&#8221; konulu program ger\u00e7ekle\u015ftirildi. Program, yemek ikram\u0131 ve Kur\u2019an-\u0131 Kerim tilaveti ile ba\u015flad\u0131. S\u00f6yle\u015fiye, \u0130l M\u00fcft\u00fc Yard\u0131mc\u0131s\u0131 Tu\u011fba Anatoprak, manevi dan\u0131\u015fmanlar ve gen\u00e7ler kat\u0131ld\u0131. Do\u00e7. Dr. Hasan Camc\u0131, konu\u015fmas\u0131nda ortalama kavram\u0131n\u0131n insan ya\u015fam\u0131ndaki dengeyi temsil&#8230;<\/p>\n","protected":false},"author":1,"featured_media":61740,"comment_status":"open","ping_status":"open","sticky":false,"template":"","format":"standard","meta":{"_crdt_document":"","footnotes":""},"categories":[1],"tags":[],"class_list":["post-61739","post","type-post","status-publish","format-standard","has-post-thumbnail","hentry","category-guncel"],"_links":{"self":[{"href":"https:\/\/www.egemtv.com\/index.php?rest_route=\/wp\/v2\/posts\/61739","targetHints":{"allow":["GET"]}}],"collection":[{"href":"https:\/\/www.egemtv.com\/index.php?rest_route=\/wp\/v2\/posts"}],"about":[{"href":"https:\/\/www.egemtv.com\/index.php?rest_route=\/wp\/v2\/types\/post"}],"author":[{"embeddable":true,"href":"https:\/\/www.egemtv.com\/index.php?rest_route=\/wp\/v2\/users\/1"}],"replies":[{"embeddable":true,"href":"https:\/\/www.egemtv.com\/index.php?rest_route=%2Fwp%2Fv2%2Fcomments&post=61739"}],"version-history":[{"count":1,"href":"https:\/\/www.egemtv.com\/index.php?rest_route=\/wp\/v2\/posts\/61739\/revisions"}],"predecessor-version":[{"id":61741,"href":"https:\/\/www.egemtv.com\/index.php?rest_route=\/wp\/v2\/posts\/61739\/revisions\/61741"}],"wp:featuredmedia":[{"embeddable":true,"href":"https:\/\/www.egemtv.com\/index.php?rest_route=\/wp\/v2\/media\/61740"}],"wp:attachment":[{"href":"https:\/\/www.egemtv.com\/index.php?rest_route=%2Fwp%2Fv2%2Fmedia&parent=61739"}],"wp:term":[{"taxonomy":"category","embeddable":true,"href":"https:\/\/www.egemtv.com\/index.php?rest_route=%2Fwp%2Fv2%2Fcategories&post=61739"},{"taxonomy":"post_tag","embeddable":true,"href":"https:\/\/www.egemtv.com\/index.php?rest_route=%2Fwp%2Fv2%2Ftags&post=61739"}],"curies":[{"name":"wp","href":"https:\/\/api.w.org\/{rel}","templated":true}]}}