{"id":61736,"date":"2025-10-16T12:15:04","date_gmt":"2025-10-16T09:15:04","guid":{"rendered":"https:\/\/www.egemtv.com\/?p=61736"},"modified":"2025-10-16T12:15:07","modified_gmt":"2025-10-16T09:15:07","slug":"manisali-genclere-sunulan-hizmetler-anlatildi","status":"publish","type":"post","link":"https:\/\/www.egemtv.com\/?p=61736","title":{"rendered":"Manisal\u0131 gen\u00e7lere sunulan hizmetler anlat\u0131ld\u0131"},"content":{"rendered":"<p>Manisa\u2019da d\u00fczenlenen &#8220;Manisa Gen\u00e7lik \u00c7al\u0131\u015ftay\u0131&#8221;nda gen\u00e7lere y\u00f6nelik d\u00fczenlenen hizmet ve faaliyetler sivil toplum kurulu\u015flar\u0131na anlat\u0131ld\u0131.<br \/>\n<br \/>Gen\u00e7lere y\u00f6nelik hizmet ve faaliyetlerin kamu kurumlar\u0131 ve sivil toplum kurulu\u015flar\u0131 temsilcileri taraf\u0131ndan ele al\u0131nd\u0131\u011f\u0131 &#8220;Manisa Gen\u00e7lik \u00c7al\u0131\u015ftay\u0131&#8221; d\u00fczenlendi. \u00c7al\u0131\u015ftaya kat\u0131lan Manisa Valisi Vahdettin \u00d6zkan, gen\u00e7lerin sosyal, k\u00fclt\u00fcrel ve manevi geli\u015fimine y\u00f6nelik y\u00fcr\u00fct\u00fclen \u00e7al\u0131\u015fmalar\u0131n \u00f6nemine dikkat \u00e7ekti.<br \/>\n<br \/>Manisa Gen\u00e7lik Platformu taraf\u0131ndan organize edilen \u00e7al\u0131\u015ftaya; Vali Vahdettin \u00d6zkan, Vali Yard\u0131mc\u0131s\u0131 Abdullah Abid \u00d6ztoprak, \u0130l Milli E\u011fitim M\u00fcd\u00fcr\u00fc Mehmet U\u011furelli, \u0130l K\u00fclt\u00fcr ve Turizm M\u00fcd\u00fcr\u00fc \u0130brahim Sudak, Gen\u00e7lik ve Spor \u0130l M\u00fcd\u00fcr\u00fc Yunus \u00d6zt\u00fcrk, \u0130l M\u00fcft\u00fcs\u00fc \u015e\u00fckr\u00fc Kabuk\u00e7u, sivil toplum kurulu\u015flar\u0131n\u0131n temsilcileri ile gen\u00e7lik alan\u0131nda faaliyet g\u00f6steren dernek temsilcileri kat\u0131ld\u0131.<br \/>\n<br \/>\u00c7al\u0131\u015ftayda kamu kurumlar\u0131 taraf\u0131ndan gen\u00e7lik hizmetlerine ili\u015fkin sunumlar yap\u0131ld\u0131, gen\u00e7lere y\u00f6nelik y\u00fcr\u00fct\u00fclen projeler ve destekler hakk\u0131nda bilgi verildi. Toplant\u0131da, kamu kurumlar\u0131 ve STK\u2019lar\u0131n gen\u00e7lik alan\u0131nda birlikte y\u00fcr\u00fctebilece\u011fi \u00e7al\u0131\u015fmalar de\u011ferlendirildi. Gen\u00e7lik dernekleri temsilcileri, sunumlar\u0131nda gen\u00e7lerin sivil toplum kurulu\u015flar\u0131nda aktif rol almas\u0131n\u0131n \u00f6nemine vurgu yapt\u0131.<br \/>\n<br \/>\u00c7al\u0131\u015ftayda ayr\u0131ca, gen\u00e7lik hizmetlerine y\u00f6nelik stratejik eylem planlar\u0131n\u0131n uygulanmas\u0131, hizmetlerin iyile\u015ftirilmesi, de\u011ferler e\u011fitimi, \u00fcniversite \u00f6\u011frencilerine y\u00f6nelik k\u00fclt\u00fcrel faaliyetler ve ileti\u015fim vizyonu konular\u0131 ele al\u0131nd\u0131. Gen\u00e7lerin taleplerinin do\u011fru belirlenmesi ve bu taleplerin \u00e7al\u0131\u015fmalara y\u00f6n vermesi gerekti\u011fi vurguland\u0131.<\/p>\n<p>&#8220;Gen\u00e7lerimiz i\u00e7in her kurum kararl\u0131l\u0131kla \u00e7al\u0131\u015f\u0131yor&#8221;<br \/>\n<br \/>Gen\u00e7lik \u00e7al\u0131\u015fmalar\u0131nda sivil toplum kurulu\u015flar\u0131n\u0131n etkinli\u011fini art\u0131rman\u0131n \u00f6nemine dikkat \u00e7eken Vali Vahdettin \u00d6zkan, &#8220;Siz gen\u00e7ler g\u00f6n\u00fcll\u00fcl\u00fckle, ya\u015f\u0131tlar\u0131n\u0131z i\u00e7in de\u011fer \u00fcretiyorsunuz. Gen\u00e7lerin STK\u2019larda aktif rol almas\u0131n\u0131 ve bu \u00e7al\u0131\u015fmalar\u0131n STK\u2019lar arac\u0131l\u0131\u011f\u0131yla y\u00fcr\u00fct\u00fclmesini \u00e7ok \u00f6nemsiyoruz. Gen\u00e7lerimizin hayal ettikleri her \u015feyi ba\u015farabileceklerine inan\u0131yoruz ve onlara g\u00fcveniyoruz.&#8221; dedi.<br \/>\n<br \/>Vali \u00d6zkan, gen\u00e7lerin \u00fclkenin en b\u00fcy\u00fck g\u00fcc\u00fc oldu\u011funu belirterek, &#8220;Devletimizin t\u00fcm kurumlar\u0131; gen\u00e7lerimizin sosyal, k\u00fclt\u00fcrel, sportif, manevi ve teknolojik geli\u015fimini desteklemek i\u00e7in kararl\u0131l\u0131kla \u00e7al\u0131\u015fmaktad\u0131r. Gen\u00e7lik sadece bir ya\u015f d\u00f6nemi de\u011fil, gelece\u011fimizin teminat\u0131d\u0131r. Spor tesisleri, gen\u00e7lik merkezleri ve kamplar arac\u0131l\u0131\u011f\u0131yla gen\u00e7lerimiz sporla, sanatla ve bilimle bulu\u015fma f\u0131rsat\u0131 bulmaktad\u0131r.&#8221; ifadelerini kulland\u0131.<br \/>\n<br \/>Kamu kurumlar\u0131n\u0131n yan\u0131 s\u0131ra STK\u2019lar\u0131n da gen\u00e7lere y\u00f6nelik g\u00f6n\u00fcll\u00fcl\u00fck, sosyal sorumluluk ve liderlik e\u011fitimleri gibi faaliyetlerle kamu hizmetlerine katk\u0131 sundu\u011funu belirten \u00d6zkan, &#8220;Bu katk\u0131lar, gen\u00e7lerimizin hem mesleki hem ahlaki y\u00f6nden donan\u0131ml\u0131 bireyler olarak yeti\u015fmesine b\u00fcy\u00fck destek sa\u011flamaktad\u0131r.&#8221; dedi.<br \/>\n<br \/>\u00c7al\u0131\u015ftay, gen\u00e7lerin istek ve \u00f6nerilerinin al\u0131nmas\u0131, kamu-STK i\u015f birli\u011fiyle gen\u00e7lere ve topluma de\u011fer katacak yeni proje fikirlerinin de\u011ferlendirilmesiyle sona erdi.<br \/><\/p>\n","protected":false},"excerpt":{"rendered":"<p>Manisa\u2019da d\u00fczenlenen &#8220;Manisa Gen\u00e7lik \u00c7al\u0131\u015ftay\u0131&#8221;nda gen\u00e7lere y\u00f6nelik d\u00fczenlenen hizmet ve faaliyetler sivil toplum kurulu\u015flar\u0131na anlat\u0131ld\u0131. Gen\u00e7lere y\u00f6nelik hizmet ve faaliyetlerin kamu kurumlar\u0131 ve sivil toplum kurulu\u015flar\u0131 temsilcileri taraf\u0131ndan ele al\u0131nd\u0131\u011f\u0131 &#8220;Manisa Gen\u00e7lik \u00c7al\u0131\u015ftay\u0131&#8221; d\u00fczenlendi. \u00c7al\u0131\u015ftaya kat\u0131lan Manisa Valisi Vahdettin \u00d6zkan, gen\u00e7lerin sosyal, k\u00fclt\u00fcrel ve manevi geli\u015fimine y\u00f6nelik y\u00fcr\u00fct\u00fclen \u00e7al\u0131\u015fmalar\u0131n \u00f6nemine dikkat \u00e7ekti. Manisa Gen\u00e7lik Platformu&#8230;<\/p>\n","protected":false},"author":1,"featured_media":61737,"comment_status":"open","ping_status":"open","sticky":false,"template":"","format":"standard","meta":{"_crdt_document":"","footnotes":""},"categories":[1],"tags":[],"class_list":["post-61736","post","type-post","status-publish","format-standard","has-post-thumbnail","hentry","category-guncel"],"_links":{"self":[{"href":"https:\/\/www.egemtv.com\/index.php?rest_route=\/wp\/v2\/posts\/61736","targetHints":{"allow":["GET"]}}],"collection":[{"href":"https:\/\/www.egemtv.com\/index.php?rest_route=\/wp\/v2\/posts"}],"about":[{"href":"https:\/\/www.egemtv.com\/index.php?rest_route=\/wp\/v2\/types\/post"}],"author":[{"embeddable":true,"href":"https:\/\/www.egemtv.com\/index.php?rest_route=\/wp\/v2\/users\/1"}],"replies":[{"embeddable":true,"href":"https:\/\/www.egemtv.com\/index.php?rest_route=%2Fwp%2Fv2%2Fcomments&post=61736"}],"version-history":[{"count":1,"href":"https:\/\/www.egemtv.com\/index.php?rest_route=\/wp\/v2\/posts\/61736\/revisions"}],"predecessor-version":[{"id":61738,"href":"https:\/\/www.egemtv.com\/index.php?rest_route=\/wp\/v2\/posts\/61736\/revisions\/61738"}],"wp:featuredmedia":[{"embeddable":true,"href":"https:\/\/www.egemtv.com\/index.php?rest_route=\/wp\/v2\/media\/61737"}],"wp:attachment":[{"href":"https:\/\/www.egemtv.com\/index.php?rest_route=%2Fwp%2Fv2%2Fmedia&parent=61736"}],"wp:term":[{"taxonomy":"category","embeddable":true,"href":"https:\/\/www.egemtv.com\/index.php?rest_route=%2Fwp%2Fv2%2Fcategories&post=61736"},{"taxonomy":"post_tag","embeddable":true,"href":"https:\/\/www.egemtv.com\/index.php?rest_route=%2Fwp%2Fv2%2Ftags&post=61736"}],"curies":[{"name":"wp","href":"https:\/\/api.w.org\/{rel}","templated":true}]}}