{"id":61733,"date":"2025-10-16T11:55:22","date_gmt":"2025-10-16T08:55:22","guid":{"rendered":"https:\/\/www.egemtv.com\/?p=61733"},"modified":"2025-10-16T11:55:33","modified_gmt":"2025-10-16T08:55:33","slug":"musluman-kimligi-insa-etme-uzerine-kitap-tahlili-gerceklestirildi","status":"publish","type":"post","link":"https:\/\/www.egemtv.com\/?p=61733","title":{"rendered":"M\u00fcsl\u00fcman kimli\u011fi in\u015fa etme \u00fczerine kitap tahlili ger\u00e7ekle\u015ftirildi"},"content":{"rendered":"<p>Afyonkarahisar Diyanet Gen\u00e7lik Merkezi\u2019nde &#8220;M\u00fcsl\u00fcman Kimli\u011fi \u0130n\u015fa Etme \u00dczerine: Rasim \u00d6zden\u00f6ren Okumalar\u0131-III&#8221; projesi \u00e7er\u00e7evesinde &#8220;G\u00fcl Yeti\u015ftiren Adam&#8221; adl\u0131 eserin tahlili ger\u00e7ekle\u015ftirildi.<br \/>\n<br \/>Tahlil program\u0131, Afyon Kocatepe \u00dcniversitesi \u0130slami \u0130limler Fak\u00fcltesi Dr. \u00d6\u011fr. \u00dcyesi Muhammed Emin G\u00f6rg\u00fcn ve T\u00fcrk\u00e7e \u00d6\u011fretmeni Sevgi Karakaya e\u015fli\u011finde yap\u0131ld\u0131. Programda, Rasim \u00d6zden\u00f6ren\u2019in eserde i\u015fledi\u011fi de\u011fer d\u00fcnyas\u0131, M\u00fcsl\u00fcman kimli\u011finin in\u015fas\u0131nda edebiyat\u0131n rol\u00fc ve &#8220;G\u00fcl Yeti\u015ftiren Adam&#8221;\u0131n sembolik anlat\u0131m\u0131 \u00fczerine derinlemesine de\u011ferlendirmelerde bulunuldu. Programda gen\u00e7lerin aktif kat\u0131l\u0131m\u0131yla ger\u00e7ekle\u015fen tahlil, d\u00fc\u015f\u00fcnsel derinlik ve manevi fark\u0131ndal\u0131k a\u00e7\u0131s\u0131ndan zengin bir atmosfer olu\u015fturdu.<br \/>\n<br \/>Program sonunda kat\u0131l\u0131mc\u0131lara te\u015fekk\u00fcr edilerek, kitap tahlilinin farkl\u0131 eserlerle devam edece\u011fi belirtildi.<br \/><\/p>\n","protected":false},"excerpt":{"rendered":"<p>Afyonkarahisar Diyanet Gen\u00e7lik Merkezi\u2019nde &#8220;M\u00fcsl\u00fcman Kimli\u011fi \u0130n\u015fa Etme \u00dczerine: Rasim \u00d6zden\u00f6ren Okumalar\u0131-III&#8221; projesi \u00e7er\u00e7evesinde &#8220;G\u00fcl Yeti\u015ftiren Adam&#8221; adl\u0131 eserin tahlili ger\u00e7ekle\u015ftirildi. Tahlil program\u0131, Afyon Kocatepe \u00dcniversitesi \u0130slami \u0130limler Fak\u00fcltesi Dr. \u00d6\u011fr. \u00dcyesi Muhammed Emin G\u00f6rg\u00fcn ve T\u00fcrk\u00e7e \u00d6\u011fretmeni Sevgi Karakaya e\u015fli\u011finde yap\u0131ld\u0131. Programda, Rasim \u00d6zden\u00f6ren\u2019in eserde i\u015fledi\u011fi de\u011fer d\u00fcnyas\u0131, M\u00fcsl\u00fcman kimli\u011finin in\u015fas\u0131nda edebiyat\u0131n rol\u00fc ve&#8230;<\/p>\n","protected":false},"author":1,"featured_media":61734,"comment_status":"open","ping_status":"open","sticky":false,"template":"","format":"standard","meta":{"_crdt_document":"","footnotes":""},"categories":[1],"tags":[],"class_list":["post-61733","post","type-post","status-publish","format-standard","has-post-thumbnail","hentry","category-guncel"],"_links":{"self":[{"href":"https:\/\/www.egemtv.com\/index.php?rest_route=\/wp\/v2\/posts\/61733","targetHints":{"allow":["GET"]}}],"collection":[{"href":"https:\/\/www.egemtv.com\/index.php?rest_route=\/wp\/v2\/posts"}],"about":[{"href":"https:\/\/www.egemtv.com\/index.php?rest_route=\/wp\/v2\/types\/post"}],"author":[{"embeddable":true,"href":"https:\/\/www.egemtv.com\/index.php?rest_route=\/wp\/v2\/users\/1"}],"replies":[{"embeddable":true,"href":"https:\/\/www.egemtv.com\/index.php?rest_route=%2Fwp%2Fv2%2Fcomments&post=61733"}],"version-history":[{"count":1,"href":"https:\/\/www.egemtv.com\/index.php?rest_route=\/wp\/v2\/posts\/61733\/revisions"}],"predecessor-version":[{"id":61735,"href":"https:\/\/www.egemtv.com\/index.php?rest_route=\/wp\/v2\/posts\/61733\/revisions\/61735"}],"wp:featuredmedia":[{"embeddable":true,"href":"https:\/\/www.egemtv.com\/index.php?rest_route=\/wp\/v2\/media\/61734"}],"wp:attachment":[{"href":"https:\/\/www.egemtv.com\/index.php?rest_route=%2Fwp%2Fv2%2Fmedia&parent=61733"}],"wp:term":[{"taxonomy":"category","embeddable":true,"href":"https:\/\/www.egemtv.com\/index.php?rest_route=%2Fwp%2Fv2%2Fcategories&post=61733"},{"taxonomy":"post_tag","embeddable":true,"href":"https:\/\/www.egemtv.com\/index.php?rest_route=%2Fwp%2Fv2%2Ftags&post=61733"}],"curies":[{"name":"wp","href":"https:\/\/api.w.org\/{rel}","templated":true}]}}