{"id":61730,"date":"2025-10-16T11:55:14","date_gmt":"2025-10-16T08:55:14","guid":{"rendered":"https:\/\/www.egemtv.com\/?p=61730"},"modified":"2025-10-16T11:55:18","modified_gmt":"2025-10-16T08:55:18","slug":"her-kadin-guzeldir-projesi-bu-kez-orencikteydi","status":"publish","type":"post","link":"https:\/\/www.egemtv.com\/?p=61730","title":{"rendered":"\u2018Her kad\u0131n g\u00fczeldir\u2019 projesi bu kez \u00d6rencik\u2019teydi"},"content":{"rendered":"<p>Yunusemre Belediye Ba\u015fkan\u0131 Semih Balaban\u2019\u0131n e\u015fi Serap Ba-laban\u2019\u0131n \u00f6nc\u00fcl\u00fc\u011f\u00fcnde ba\u015flat\u0131lan \u2018Her Kad\u0131n G\u00fczeldir Projesi\u2019nin yeni dura\u011f\u0131 \u00d6rencik Mahallesi oldu. Mahalle sakini yakla\u015f\u0131k 50 kad\u0131n kuaf\u00f6rl\u00fck hizmetle-rinden faydaland\u0131.<br \/>\n<br \/>Sosyal belediyecilik hizmetlerine h\u0131z kesmeden devam eden Yunusemre Be-lediyesi halk\u0131n\u0131n mutlulu\u011fu ve konforu i\u00e7in \u00e7al\u0131\u015fmalar\u0131n\u0131 s\u00fcrd\u00fcr\u00fcyor. Yunusemre Belediye Ba\u015fkan\u0131 Semih Balaban\u2019\u0131n e\u015fi Serap Balaban taraf\u0131ndan ba\u015flat\u0131lan Her Kad\u0131n G\u00fczeldir Projesi, bu kez \u00d6rencik Mahallesi\u2019ndeydi. Etkinlikte Yunu-semre Belediye Ba\u015fkan\u0131 Semih Balaban\u2019\u0131n E\u015fi Serap Balaban ba\u015fta olmak \u00fcze-re Kad\u0131n Dayan\u0131\u015fma ve E\u011fitim Merkezleri Koordinat\u00f6r\u00fc Bur\u00e7in Umut Do\u011fru, Kad\u0131n Aile Hizmetleri M\u00fcd\u00fcrl\u00fc\u011f\u00fc personelleri yer ald\u0131. Proje kapsam\u0131nda ma-hallede ya\u015fayan yakla\u015f\u0131k 50 kad\u0131na kuaf\u00f6rl\u00fck hizmeti verildi. Kad\u0131nlar proje-den memnuniyetini dile getirirken; Yunusemre Belediyesi\u2019ne, Ba\u015fkan Balaban ile e\u015fi Serap Balaban\u2019a te\u015fekk\u00fcr etti.<br \/><\/p>\n","protected":false},"excerpt":{"rendered":"<p>Yunusemre Belediye Ba\u015fkan\u0131 Semih Balaban\u2019\u0131n e\u015fi Serap Ba-laban\u2019\u0131n \u00f6nc\u00fcl\u00fc\u011f\u00fcnde ba\u015flat\u0131lan \u2018Her Kad\u0131n G\u00fczeldir Projesi\u2019nin yeni dura\u011f\u0131 \u00d6rencik Mahallesi oldu. Mahalle sakini yakla\u015f\u0131k 50 kad\u0131n kuaf\u00f6rl\u00fck hizmetle-rinden faydaland\u0131. Sosyal belediyecilik hizmetlerine h\u0131z kesmeden devam eden Yunusemre Be-lediyesi halk\u0131n\u0131n mutlulu\u011fu ve konforu i\u00e7in \u00e7al\u0131\u015fmalar\u0131n\u0131 s\u00fcrd\u00fcr\u00fcyor. Yunusemre Belediye Ba\u015fkan\u0131 Semih Balaban\u2019\u0131n e\u015fi Serap Balaban taraf\u0131ndan ba\u015flat\u0131lan Her Kad\u0131n&#8230;<\/p>\n","protected":false},"author":1,"featured_media":61731,"comment_status":"open","ping_status":"open","sticky":false,"template":"","format":"standard","meta":{"_crdt_document":"","footnotes":""},"categories":[1],"tags":[],"class_list":["post-61730","post","type-post","status-publish","format-standard","has-post-thumbnail","hentry","category-guncel"],"_links":{"self":[{"href":"https:\/\/www.egemtv.com\/index.php?rest_route=\/wp\/v2\/posts\/61730","targetHints":{"allow":["GET"]}}],"collection":[{"href":"https:\/\/www.egemtv.com\/index.php?rest_route=\/wp\/v2\/posts"}],"about":[{"href":"https:\/\/www.egemtv.com\/index.php?rest_route=\/wp\/v2\/types\/post"}],"author":[{"embeddable":true,"href":"https:\/\/www.egemtv.com\/index.php?rest_route=\/wp\/v2\/users\/1"}],"replies":[{"embeddable":true,"href":"https:\/\/www.egemtv.com\/index.php?rest_route=%2Fwp%2Fv2%2Fcomments&post=61730"}],"version-history":[{"count":1,"href":"https:\/\/www.egemtv.com\/index.php?rest_route=\/wp\/v2\/posts\/61730\/revisions"}],"predecessor-version":[{"id":61732,"href":"https:\/\/www.egemtv.com\/index.php?rest_route=\/wp\/v2\/posts\/61730\/revisions\/61732"}],"wp:featuredmedia":[{"embeddable":true,"href":"https:\/\/www.egemtv.com\/index.php?rest_route=\/wp\/v2\/media\/61731"}],"wp:attachment":[{"href":"https:\/\/www.egemtv.com\/index.php?rest_route=%2Fwp%2Fv2%2Fmedia&parent=61730"}],"wp:term":[{"taxonomy":"category","embeddable":true,"href":"https:\/\/www.egemtv.com\/index.php?rest_route=%2Fwp%2Fv2%2Fcategories&post=61730"},{"taxonomy":"post_tag","embeddable":true,"href":"https:\/\/www.egemtv.com\/index.php?rest_route=%2Fwp%2Fv2%2Ftags&post=61730"}],"curies":[{"name":"wp","href":"https:\/\/api.w.org\/{rel}","templated":true}]}}