{"id":61727,"date":"2025-10-16T11:55:04","date_gmt":"2025-10-16T08:55:04","guid":{"rendered":"https:\/\/www.egemtv.com\/?p=61727"},"modified":"2025-10-16T11:55:11","modified_gmt":"2025-10-16T08:55:11","slug":"kiraz-ve-visne-de-zararlilara-karsi-numune-alindi","status":"publish","type":"post","link":"https:\/\/www.egemtv.com\/?p=61727","title":{"rendered":"Kiraz ve vi\u015fne de zararl\u0131lara kar\u015f\u0131 numune al\u0131nd\u0131"},"content":{"rendered":"<p>Afyonkarahisar\u2019\u0131n \u00f6nemli tar\u0131m \u00fcr\u00fcnlerinden kiraz ve vi\u015fne de zararl\u0131lara kar\u015f\u0131 numune alma \u00e7al\u0131\u015fmalar\u0131 ba\u015flad\u0131.<br \/>\n<br \/>Kentin \u00f6nemli tar\u0131m \u00fcr\u00fcnlerinden olan ve b\u00fcy\u00fck k\u0131sm\u0131 Avrupa \u00fclkelerine ihra\u00e7 edilen kiraz ve vi\u015fnede \u2018xylella fastidiosa\u2019 isimli zararl\u0131ya kar\u015f\u0131 numuneler al\u0131narak analiz i\u00e7in ilgili enstit\u00fcye g\u00f6nderildi. Konuyla ilgili \u0130l Tar\u0131m ve Orman M\u00fcd\u00fcrl\u00fc\u011f\u00fcnden yap\u0131lan a\u00e7\u0131klamada &#8220;Teknik personelimizce numuneler al\u0131nm\u0131\u015f olup, bitki sa\u011fl\u0131\u011f\u0131 kontrollerimiz aral\u0131ks\u0131z s\u00fcrmektedir&#8221; ifadelerine yer verildi.<br \/><\/p>\n","protected":false},"excerpt":{"rendered":"<p>Afyonkarahisar\u2019\u0131n \u00f6nemli tar\u0131m \u00fcr\u00fcnlerinden kiraz ve vi\u015fne de zararl\u0131lara kar\u015f\u0131 numune alma \u00e7al\u0131\u015fmalar\u0131 ba\u015flad\u0131. Kentin \u00f6nemli tar\u0131m \u00fcr\u00fcnlerinden olan ve b\u00fcy\u00fck k\u0131sm\u0131 Avrupa \u00fclkelerine ihra\u00e7 edilen kiraz ve vi\u015fnede \u2018xylella fastidiosa\u2019 isimli zararl\u0131ya kar\u015f\u0131 numuneler al\u0131narak analiz i\u00e7in ilgili enstit\u00fcye g\u00f6nderildi. Konuyla ilgili \u0130l Tar\u0131m ve Orman M\u00fcd\u00fcrl\u00fc\u011f\u00fcnden yap\u0131lan a\u00e7\u0131klamada &#8220;Teknik personelimizce numuneler al\u0131nm\u0131\u015f olup,&#8230;<\/p>\n","protected":false},"author":1,"featured_media":61728,"comment_status":"open","ping_status":"open","sticky":false,"template":"","format":"standard","meta":{"_crdt_document":"","footnotes":""},"categories":[1],"tags":[],"class_list":["post-61727","post","type-post","status-publish","format-standard","has-post-thumbnail","hentry","category-guncel"],"_links":{"self":[{"href":"https:\/\/www.egemtv.com\/index.php?rest_route=\/wp\/v2\/posts\/61727","targetHints":{"allow":["GET"]}}],"collection":[{"href":"https:\/\/www.egemtv.com\/index.php?rest_route=\/wp\/v2\/posts"}],"about":[{"href":"https:\/\/www.egemtv.com\/index.php?rest_route=\/wp\/v2\/types\/post"}],"author":[{"embeddable":true,"href":"https:\/\/www.egemtv.com\/index.php?rest_route=\/wp\/v2\/users\/1"}],"replies":[{"embeddable":true,"href":"https:\/\/www.egemtv.com\/index.php?rest_route=%2Fwp%2Fv2%2Fcomments&post=61727"}],"version-history":[{"count":1,"href":"https:\/\/www.egemtv.com\/index.php?rest_route=\/wp\/v2\/posts\/61727\/revisions"}],"predecessor-version":[{"id":61729,"href":"https:\/\/www.egemtv.com\/index.php?rest_route=\/wp\/v2\/posts\/61727\/revisions\/61729"}],"wp:featuredmedia":[{"embeddable":true,"href":"https:\/\/www.egemtv.com\/index.php?rest_route=\/wp\/v2\/media\/61728"}],"wp:attachment":[{"href":"https:\/\/www.egemtv.com\/index.php?rest_route=%2Fwp%2Fv2%2Fmedia&parent=61727"}],"wp:term":[{"taxonomy":"category","embeddable":true,"href":"https:\/\/www.egemtv.com\/index.php?rest_route=%2Fwp%2Fv2%2Fcategories&post=61727"},{"taxonomy":"post_tag","embeddable":true,"href":"https:\/\/www.egemtv.com\/index.php?rest_route=%2Fwp%2Fv2%2Ftags&post=61727"}],"curies":[{"name":"wp","href":"https:\/\/api.w.org\/{rel}","templated":true}]}}