{"id":61724,"date":"2025-10-16T11:54:59","date_gmt":"2025-10-16T08:54:59","guid":{"rendered":"https:\/\/www.egemtv.com\/?p=61724"},"modified":"2025-10-16T11:55:00","modified_gmt":"2025-10-16T08:55:00","slug":"alasehir-kizilaydan-devlet-hastanesi-sosyal-marketine-600-kalem-yardim","status":"publish","type":"post","link":"https:\/\/www.egemtv.com\/?p=61724","title":{"rendered":"Ala\u015fehir K\u0131z\u0131lay\u2019dan Devlet Hastanesi Sosyal Marketine 600 kalem yard\u0131m"},"content":{"rendered":"<p>T\u00fcrk K\u0131z\u0131lay Ala\u015fehir \u015eubesi taraf\u0131ndan Ala\u015fehir Devlet Hastanesi Sosyal Marketine toplamda 600 kalemden olu\u015fan giysi ve g\u0131da yard\u0131m\u0131 yap\u0131ld\u0131.<br \/>\n<br \/>T\u00fcrk K\u0131z\u0131lay Ala\u015fehir \u015eubesi, Ala\u015fehir Devlet Hastanesi b\u00fcnyesinde faaliyet g\u00f6steren Sosyal Market\u2019e 150 adet g\u0131da ve 450 adet giysi yard\u0131m\u0131 yapt\u0131. Yard\u0131mlar aras\u0131nda pijama, ayakkab\u0131, i\u00e7 \u00e7ama\u015f\u0131r\u0131, \u00e7ocuk, gen\u00e7 ve ya\u015fl\u0131lara uygun kullan\u0131lmam\u0131\u015f k\u0131yafetler ile hasta mamalar\u0131 yer ald\u0131.<br \/>\n<br \/>T\u00fcrk K\u0131z\u0131lay Ala\u015fehir \u015eube Ba\u015fkan\u0131 Nedim Yamak, yapt\u0131\u011f\u0131 a\u00e7\u0131klamada, &#8220;Ala\u015fehir Devlet Hastanesi\u2019nde tedavi g\u00f6ren ihtiya\u00e7 sahibi hastalar\u0131m\u0131z i\u00e7in hastane taraf\u0131ndan kurulan sosyal markette da\u011f\u0131t\u0131lmak \u00fczere t\u00fcm ya\u015f gruplar\u0131n\u0131 kapsayan giyim ve mama yard\u0131m\u0131nda bulunduk. Hastalar\u0131m\u0131za acil \u015fifalar diliyoruz.&#8221; dedi.<br \/>\n<br \/>Ala\u015fehir Devlet Hastanesi Sa\u011fl\u0131k Bak\u0131m Hizmetleri M\u00fcd\u00fcr\u00fc Nazan Karaman ise, yakla\u015f\u0131k \u00fc\u00e7 y\u0131l \u00f6nce kurduklar\u0131 sosyal marketin, ihtiya\u00e7 sahibi hastalar\u0131n gereksinimlerini kar\u015f\u0131lamak amac\u0131yla faaliyet g\u00f6sterdi\u011fini belirterek, &#8220;Bu konuda bize destek veren T\u00fcrk K\u0131z\u0131lay\u2019a te\u015fekk\u00fcr ediyoruz. Sosyal marketimiz hastane \u00e7al\u0131\u015fanlar\u0131n\u0131n \u00f6zverisiyle olu\u015fturuldu, bug\u00fcn K\u0131z\u0131lay\u2019\u0131n ba\u011f\u0131\u015flar\u0131yla daha da zenginle\u015fti&#8221; diye konu\u015ftu.<br \/>\n<br \/>Ala\u015fehir Devlet Hastanesi Ba\u015fhekim Yard\u0131mc\u0131s\u0131 Uzm. Dr. Kadir \u00c7a\u011fatay Bi\u00e7er de, sosyal markete yap\u0131lan yard\u0131mlardan dolay\u0131 T\u00fcrk K\u0131z\u0131lay Ala\u015fehir \u015eubesi\u2019ne te\u015fekk\u00fcr etti.<br \/>\n<br \/>Hastane b\u00fcnyesinde kurulan sosyal marketten, servislerde yatan ihtiya\u00e7 sahibi hastalar g\u00f6revli hem\u015fire e\u015fli\u011finde hi\u00e7bir \u00fccret \u00f6demeden giysi ve mama gibi ihtiya\u00e7lar\u0131n\u0131 temin edebiliyor.<br \/><\/p>\n","protected":false},"excerpt":{"rendered":"<p>T\u00fcrk K\u0131z\u0131lay Ala\u015fehir \u015eubesi taraf\u0131ndan Ala\u015fehir Devlet Hastanesi Sosyal Marketine toplamda 600 kalemden olu\u015fan giysi ve g\u0131da yard\u0131m\u0131 yap\u0131ld\u0131. T\u00fcrk K\u0131z\u0131lay Ala\u015fehir \u015eubesi, Ala\u015fehir Devlet Hastanesi b\u00fcnyesinde faaliyet g\u00f6steren Sosyal Market\u2019e 150 adet g\u0131da ve 450 adet giysi yard\u0131m\u0131 yapt\u0131. Yard\u0131mlar aras\u0131nda pijama, ayakkab\u0131, i\u00e7 \u00e7ama\u015f\u0131r\u0131, \u00e7ocuk, gen\u00e7 ve ya\u015fl\u0131lara uygun kullan\u0131lmam\u0131\u015f k\u0131yafetler ile hasta&#8230;<\/p>\n","protected":false},"author":1,"featured_media":61725,"comment_status":"open","ping_status":"open","sticky":false,"template":"","format":"standard","meta":{"_crdt_document":"","footnotes":""},"categories":[2],"tags":[],"class_list":["post-61724","post","type-post","status-publish","format-standard","has-post-thumbnail","hentry","category-saglik"],"_links":{"self":[{"href":"https:\/\/www.egemtv.com\/index.php?rest_route=\/wp\/v2\/posts\/61724","targetHints":{"allow":["GET"]}}],"collection":[{"href":"https:\/\/www.egemtv.com\/index.php?rest_route=\/wp\/v2\/posts"}],"about":[{"href":"https:\/\/www.egemtv.com\/index.php?rest_route=\/wp\/v2\/types\/post"}],"author":[{"embeddable":true,"href":"https:\/\/www.egemtv.com\/index.php?rest_route=\/wp\/v2\/users\/1"}],"replies":[{"embeddable":true,"href":"https:\/\/www.egemtv.com\/index.php?rest_route=%2Fwp%2Fv2%2Fcomments&post=61724"}],"version-history":[{"count":1,"href":"https:\/\/www.egemtv.com\/index.php?rest_route=\/wp\/v2\/posts\/61724\/revisions"}],"predecessor-version":[{"id":61726,"href":"https:\/\/www.egemtv.com\/index.php?rest_route=\/wp\/v2\/posts\/61724\/revisions\/61726"}],"wp:featuredmedia":[{"embeddable":true,"href":"https:\/\/www.egemtv.com\/index.php?rest_route=\/wp\/v2\/media\/61725"}],"wp:attachment":[{"href":"https:\/\/www.egemtv.com\/index.php?rest_route=%2Fwp%2Fv2%2Fmedia&parent=61724"}],"wp:term":[{"taxonomy":"category","embeddable":true,"href":"https:\/\/www.egemtv.com\/index.php?rest_route=%2Fwp%2Fv2%2Fcategories&post=61724"},{"taxonomy":"post_tag","embeddable":true,"href":"https:\/\/www.egemtv.com\/index.php?rest_route=%2Fwp%2Fv2%2Ftags&post=61724"}],"curies":[{"name":"wp","href":"https:\/\/api.w.org\/{rel}","templated":true}]}}