{"id":61721,"date":"2025-10-16T11:35:43","date_gmt":"2025-10-16T08:35:43","guid":{"rendered":"https:\/\/www.egemtv.com\/?p=61721"},"modified":"2025-10-16T11:35:48","modified_gmt":"2025-10-16T08:35:48","slug":"deneyimlerini-universiteli-genclerle-paylasti","status":"publish","type":"post","link":"https:\/\/www.egemtv.com\/?p=61721","title":{"rendered":"Deneyimlerini \u00fcniversiteli gen\u00e7lerle payla\u015ft\u0131"},"content":{"rendered":"<p>Denizli \u0130hracat\u00e7\u0131lar Birli\u011fi \u00f6nceki d\u00f6nem ba\u015fkan\u0131 Buldanl\u0131 i\u015f adam\u0131  S\u00fcleyman Kocasert, tecr\u00fcbelerini \u00fcniversite \u00f6\u011frencileriyle payla\u015ft\u0131.<\/p>\n<p>Pamukkale \u00dcniversitesi Buldan Meslek Y\u00fcksekokulu D\u0131\u015f Ticaret Program\u0131nda \u00f6\u011frenim g\u00f6ren \u00f6\u011frencilere, \u00d6\u011fretim \u00fcyesi Doktor Cumali Erdemil\u2019 in daveti \u00fczerine &#8221; Kur De\u011fi\u015fmelerinin  D\u0131\u015f Ticarete Etkileri &#8221; konulu konferansa kat\u0131lan i\u015f adam\u0131 S\u00fcleyman Kocasert, i\u015f d\u00fcnyas\u0131nda ya\u015fanan geli\u015fmeleri aktard\u0131.<\/p>\n<p>Buldan Meslek Y\u00fcksek Okulu konferans salonunda d\u00fczenlenen konferansa, \u00fcniversite \u00f6\u011frencileri yo\u011fun ilgi g\u00f6sterirken, Kocasert \u00f6\u011frencilerden gelen sorular\u0131 cevaplad\u0131. Konferans\u0131n ard\u0131ndan S\u00fcleyman Kocasert\u2019e Prof. Dr. Y\u0131ld\u0131ray Turhan taraf\u0131ndan plaket takdim edildi.<br \/><\/p>\n","protected":false},"excerpt":{"rendered":"<p>Denizli \u0130hracat\u00e7\u0131lar Birli\u011fi \u00f6nceki d\u00f6nem ba\u015fkan\u0131 Buldanl\u0131 i\u015f adam\u0131 S\u00fcleyman Kocasert, tecr\u00fcbelerini \u00fcniversite \u00f6\u011frencileriyle payla\u015ft\u0131. Pamukkale \u00dcniversitesi Buldan Meslek Y\u00fcksekokulu D\u0131\u015f Ticaret Program\u0131nda \u00f6\u011frenim g\u00f6ren \u00f6\u011frencilere, \u00d6\u011fretim \u00fcyesi Doktor Cumali Erdemil\u2019 in daveti \u00fczerine &#8221; Kur De\u011fi\u015fmelerinin D\u0131\u015f Ticarete Etkileri &#8221; konulu konferansa kat\u0131lan i\u015f adam\u0131 S\u00fcleyman Kocasert, i\u015f d\u00fcnyas\u0131nda ya\u015fanan geli\u015fmeleri aktard\u0131. Buldan Meslek&#8230;<\/p>\n","protected":false},"author":1,"featured_media":61722,"comment_status":"open","ping_status":"open","sticky":false,"template":"","format":"standard","meta":{"_crdt_document":"","footnotes":""},"categories":[125],"tags":[],"class_list":["post-61721","post","type-post","status-publish","format-standard","has-post-thumbnail","hentry","category-ekonomi"],"_links":{"self":[{"href":"https:\/\/www.egemtv.com\/index.php?rest_route=\/wp\/v2\/posts\/61721","targetHints":{"allow":["GET"]}}],"collection":[{"href":"https:\/\/www.egemtv.com\/index.php?rest_route=\/wp\/v2\/posts"}],"about":[{"href":"https:\/\/www.egemtv.com\/index.php?rest_route=\/wp\/v2\/types\/post"}],"author":[{"embeddable":true,"href":"https:\/\/www.egemtv.com\/index.php?rest_route=\/wp\/v2\/users\/1"}],"replies":[{"embeddable":true,"href":"https:\/\/www.egemtv.com\/index.php?rest_route=%2Fwp%2Fv2%2Fcomments&post=61721"}],"version-history":[{"count":1,"href":"https:\/\/www.egemtv.com\/index.php?rest_route=\/wp\/v2\/posts\/61721\/revisions"}],"predecessor-version":[{"id":61723,"href":"https:\/\/www.egemtv.com\/index.php?rest_route=\/wp\/v2\/posts\/61721\/revisions\/61723"}],"wp:featuredmedia":[{"embeddable":true,"href":"https:\/\/www.egemtv.com\/index.php?rest_route=\/wp\/v2\/media\/61722"}],"wp:attachment":[{"href":"https:\/\/www.egemtv.com\/index.php?rest_route=%2Fwp%2Fv2%2Fmedia&parent=61721"}],"wp:term":[{"taxonomy":"category","embeddable":true,"href":"https:\/\/www.egemtv.com\/index.php?rest_route=%2Fwp%2Fv2%2Fcategories&post=61721"},{"taxonomy":"post_tag","embeddable":true,"href":"https:\/\/www.egemtv.com\/index.php?rest_route=%2Fwp%2Fv2%2Ftags&post=61721"}],"curies":[{"name":"wp","href":"https:\/\/api.w.org\/{rel}","templated":true}]}}