{"id":61715,"date":"2025-10-16T11:34:59","date_gmt":"2025-10-16T08:34:59","guid":{"rendered":"https:\/\/www.egemtv.com\/?p=61715"},"modified":"2025-10-16T11:35:10","modified_gmt":"2025-10-16T08:35:10","slug":"engelli-dernek-baskanlari-toplantisi-yapildi","status":"publish","type":"post","link":"https:\/\/www.egemtv.com\/?p=61715","title":{"rendered":"Engelli Dernek Ba\u015fkanlar\u0131 Toplant\u0131s\u0131 yap\u0131ld\u0131"},"content":{"rendered":"<p>Afyonkarahisar\u2019da Aile ve Sosyal Hizmetler \u0130l M\u00fcd\u00fcr\u00fc Bilal Erdo\u011fan koordinesinde her ay d\u00fczenli olarak ger\u00e7ekle\u015ftirilen Engelli Dernek Ba\u015fkanlar\u0131 Toplant\u0131s\u0131, bu ay Engelsiz Kur\u2019an Kursu\u2019nda yap\u0131ld\u0131.<br \/>\n<br \/>Toplant\u0131ya engelli dernek ba\u015fkanlar\u0131n\u0131n yan\u0131 s\u0131ra Ulusal Otizm Konfederasyonu Genel Ba\u015fkan\u0131 Fatma Kilci Kavas, \u0130l M\u00fcft\u00fcs\u00fc L\u00fctf\u00fc \u0130mamo\u011flu ve Engelsiz Kur\u2019an Kursu Koordinat\u00f6r\u00fc \u0130smail Ayd\u0131n da kat\u0131ld\u0131.<br \/>\n<br \/>G\u00f6r\u00fc\u015fmede, 15 Ekim Beyaz Baston G\u00f6rme Engelliler G\u00fcn\u00fc\u2019n\u00fcn \u00f6nemi vurguland\u0131; engelli bireylerin ya\u015fad\u0131\u011f\u0131 sorunlar ve \u00e7\u00f6z\u00fcm \u00f6nerileri ele al\u0131nd\u0131.<br \/>\n<br \/>Toplant\u0131n\u0131n ard\u0131ndan Kavas, \u0130mamo\u011flu\u2019nu ve Engelsiz Kur\u2019an Kursu Koordinat\u00f6r\u00fc \u0130smail Ayd\u0131n\u2019\u0131 Din G\u00f6revlileri Haftas\u0131 dolay\u0131s\u0131yla tebrik ederek \u00e7i\u00e7ek takdim etti.<br \/>\n<br \/>Ziyarette kar\u015f\u0131l\u0131kl\u0131 iyi dilekler sunulurken, engelli bireylerin toplumsal hayata daha aktif kat\u0131l\u0131m\u0131 i\u00e7in kurumlar aras\u0131 i\u015f birli\u011finin \u00f6nemine dikkat \u00e7ekildi.<br \/><\/p>\n","protected":false},"excerpt":{"rendered":"<p>Afyonkarahisar\u2019da Aile ve Sosyal Hizmetler \u0130l M\u00fcd\u00fcr\u00fc Bilal Erdo\u011fan koordinesinde her ay d\u00fczenli olarak ger\u00e7ekle\u015ftirilen Engelli Dernek Ba\u015fkanlar\u0131 Toplant\u0131s\u0131, bu ay Engelsiz Kur\u2019an Kursu\u2019nda yap\u0131ld\u0131. Toplant\u0131ya engelli dernek ba\u015fkanlar\u0131n\u0131n yan\u0131 s\u0131ra Ulusal Otizm Konfederasyonu Genel Ba\u015fkan\u0131 Fatma Kilci Kavas, \u0130l M\u00fcft\u00fcs\u00fc L\u00fctf\u00fc \u0130mamo\u011flu ve Engelsiz Kur\u2019an Kursu Koordinat\u00f6r\u00fc \u0130smail Ayd\u0131n da kat\u0131ld\u0131. G\u00f6r\u00fc\u015fmede, 15 Ekim&#8230;<\/p>\n","protected":false},"author":1,"featured_media":61716,"comment_status":"open","ping_status":"open","sticky":false,"template":"","format":"standard","meta":{"_crdt_document":"","footnotes":""},"categories":[1],"tags":[],"class_list":["post-61715","post","type-post","status-publish","format-standard","has-post-thumbnail","hentry","category-guncel"],"_links":{"self":[{"href":"https:\/\/www.egemtv.com\/index.php?rest_route=\/wp\/v2\/posts\/61715","targetHints":{"allow":["GET"]}}],"collection":[{"href":"https:\/\/www.egemtv.com\/index.php?rest_route=\/wp\/v2\/posts"}],"about":[{"href":"https:\/\/www.egemtv.com\/index.php?rest_route=\/wp\/v2\/types\/post"}],"author":[{"embeddable":true,"href":"https:\/\/www.egemtv.com\/index.php?rest_route=\/wp\/v2\/users\/1"}],"replies":[{"embeddable":true,"href":"https:\/\/www.egemtv.com\/index.php?rest_route=%2Fwp%2Fv2%2Fcomments&post=61715"}],"version-history":[{"count":1,"href":"https:\/\/www.egemtv.com\/index.php?rest_route=\/wp\/v2\/posts\/61715\/revisions"}],"predecessor-version":[{"id":61717,"href":"https:\/\/www.egemtv.com\/index.php?rest_route=\/wp\/v2\/posts\/61715\/revisions\/61717"}],"wp:featuredmedia":[{"embeddable":true,"href":"https:\/\/www.egemtv.com\/index.php?rest_route=\/wp\/v2\/media\/61716"}],"wp:attachment":[{"href":"https:\/\/www.egemtv.com\/index.php?rest_route=%2Fwp%2Fv2%2Fmedia&parent=61715"}],"wp:term":[{"taxonomy":"category","embeddable":true,"href":"https:\/\/www.egemtv.com\/index.php?rest_route=%2Fwp%2Fv2%2Fcategories&post=61715"},{"taxonomy":"post_tag","embeddable":true,"href":"https:\/\/www.egemtv.com\/index.php?rest_route=%2Fwp%2Fv2%2Ftags&post=61715"}],"curies":[{"name":"wp","href":"https:\/\/api.w.org\/{rel}","templated":true}]}}