{"id":61712,"date":"2025-10-16T11:15:13","date_gmt":"2025-10-16T08:15:13","guid":{"rendered":"https:\/\/www.egemtv.com\/?p=61712"},"modified":"2025-10-16T11:15:25","modified_gmt":"2025-10-16T08:15:25","slug":"attouda-antik-kentinde-tarihin-altindan-bir-hayat-hikayesi-cikti","status":"publish","type":"post","link":"https:\/\/www.egemtv.com\/?p=61712","title":{"rendered":"Attouda Antik Kenti\u2019nde tarihin alt\u0131ndan bir hayat hikayesi \u00e7\u0131kt\u0131"},"content":{"rendered":"<p>Denizli\u2019nin Sarayk\u00f6y il\u00e7esine ba\u011fl\u0131 Hisar k\u00f6y\u00fcnde, antik \u00e7a\u011flar\u0131n gizemli izlerini ta\u015f\u0131yan Attouda Antik Kenti\u2019nde y\u00fcr\u00fct\u00fclen kaz\u0131lar, sadece tarihi de\u011fil, modern d\u00f6neme ait bir insan hikayesini de ortaya \u00e7\u0131kard\u0131. Asar Tepesi\u2019nde toprak alt\u0131ndan bulunan askeri k\u00fcnye, 40 y\u0131l \u00f6nce \u00e7obanl\u0131k yaparken kaybetti\u011fi ve 2009 y\u0131l\u0131nda hayat\u0131n\u0131 kaybeden Hisar k\u00f6yl\u00fc Kudret Top\u2019a ait \u00e7\u0131kt\u0131. Arkeologlar, kaz\u0131da bulunan bu hat\u0131ray\u0131 ailesine ula\u015ft\u0131rarak y\u0131llar sonra duygusal bir bulu\u015fmaya vesile oldu.<br \/>\n<br \/>Sarayk\u00f6y il\u00e7esine ba\u011fl\u0131 Hisar k\u00f6y\u00fcnde yer alan Attouda Antik Kenti\u2019nde y\u00fcr\u00fct\u00fclen kaz\u0131 \u00e7al\u0131\u015fmalar\u0131, K\u00fclt\u00fcr ve Turizm Bakanl\u0131\u011f\u0131 K\u00fclt\u00fcr Varl\u0131klar\u0131 ve M\u00fczeler Genel M\u00fcd\u00fcrl\u00fc\u011f\u00fc\u2019n\u00fcn izin ve destekleriyle, Denizli M\u00fcze M\u00fcd\u00fcr\u00fc Hulusi \u00dcnsal ba\u015fkanl\u0131\u011f\u0131nda ger\u00e7ekle\u015ftiriliyor.<br \/>\n<br \/>Bilimsel sorumlulu\u011funu Pamukkale \u00dcniversitesi Arkeoloji B\u00f6l\u00fcm\u00fc\u2019nden Do\u00e7. Dr. Bilge Y\u0131lmaz Kolanc\u0131\u2019n\u0131n \u00fcstlendi\u011fi \u00e7al\u0131\u015fmalar, &#8220;Gelece\u011fe Miras Projesi&#8221; kapsam\u0131nda devam ediyor.<\/p>\n<p>Kaz\u0131 sahas\u0131nda beklenmedik bulgu<br \/>\n<br \/>Attouda Antik Kenti\u2019nde arkeologlar bu kez, tarihi katmanlar\u0131n \u00f6tesinde yak\u0131n ge\u00e7mi\u015fe ait bir insan \u00f6yk\u00fcs\u00fcn\u00fc g\u00fcn y\u00fcz\u00fcne \u00e7\u0131kard\u0131. Asar Tepesi\u2019nde yap\u0131lan kaz\u0131lar s\u0131ras\u0131nda toprak alt\u0131nda bir askeri k\u00fcnye bulundu. Kaz\u0131 ekibi, k\u00fcnyenin \u00fczerindeki bilgilerden yola \u00e7\u0131karak k\u00fcnyenin, Hisar k\u00f6yl\u00fc 1965 do\u011fumlu Kudret Top\u2019a ait oldu\u011funu tespit etti. Kaz\u0131 ekibinin ara\u015ft\u0131rmalar\u0131, k\u00fcnyenin 40 y\u0131l \u00f6nce b\u00f6lgede \u00e7obanl\u0131k yapan Kudret Top taraf\u0131ndan kaybedildi\u011fini ortaya \u00e7\u0131kard\u0131. 2009 y\u0131l\u0131nda kanser nedeniyle hayat\u0131n\u0131 kaybeden Top\u2019un kay\u0131p hat\u0131ras\u0131, kaz\u0131 ekibinin titiz \u00e7al\u0131\u015fmalar\u0131yla ailesine ula\u015ft\u0131r\u0131ld\u0131.<\/p>\n<p>&#8220;40 y\u0131l sonra gelen emanetle hem \u015fa\u015f\u0131rd\u0131lar hem duyguland\u0131lar&#8221;<br \/>\n<br \/>Denizli M\u00fcze M\u00fcd\u00fcr\u00fc ve Attouda Kaz\u0131s\u0131 Ba\u015fkan\u0131 Hulusi \u00dcnsal, Attouda Kaz\u0131s\u0131 Bilimsel Dan\u0131\u015fman\u0131 Do\u00e7. Dr. Bilge Y\u0131lmaz Kolanc\u0131, Attouda Turizm Yard\u0131mla\u015fma Derne\u011fi Ba\u015fkan\u0131 Tar\u0131k Urgan ve Sarayk\u00f6y \u0130l\u00e7e Jandarma Komutan\u0131 \u00dcstte\u011fmen Mehmet Tolgahan \u015eahin, Kudret Top\u2019un e\u015fi D\u00fcrdane Top\u2019a anlaml\u0131 bir s\u00fcrpriz yapt\u0131.<br \/>\n<br \/>K\u00f6y meydan\u0131nda ger\u00e7ekle\u015ftirilen teslim t\u00f6reninde, y\u0131llar \u00f6nce kaybolan askeri k\u00fcnye aileye teslim edildi. D\u00fcrdane Top, vefat eden e\u015finin 1985 y\u0131l\u0131nda kaybetti\u011fi k\u00fcnyesinin bulunmas\u0131n\u0131n \u015fa\u015fk\u0131nl\u0131\u011f\u0131 ve duygusunu bir arada ya\u015fad\u0131. E\u015finin k\u00fcnyesini g\u00f6zya\u015flar\u0131yla teslim alan D\u00fcrdane Top, &#8220;E\u015fim 1985 y\u0131llar\u0131nda askerli\u011fini tamamlad\u0131. Geldi\u011finde yan\u0131nda getirdi\u011fi askeri k\u00fcnyesini hep yan\u0131nda ta\u015f\u0131rd\u0131. \u00c7obanl\u0131k yaparken da\u011f ta\u015f gezerdi. Bir g\u00fcn kaybetmi\u015fti ve \u00e7ok \u00fcz\u00fclm\u00fc\u015ft\u00fc. Arad\u0131 ancak bulamad\u0131. Kendisini 2009\u2019da kanserden kaybettik. K\u00fcnyesini kaybetmesinin \u00fczerinden 40 y\u0131l ge\u00e7ti. Onca y\u0131ldan sonra hat\u0131ras\u0131 yeniden bize ula\u015ft\u0131. Bu g\u00fczel an\u0131 bize ya\u015fatan herkese te\u015fekk\u00fcr ediyorum&#8221; dedi.<\/p>\n<p>Bilimsel ekip duygusal anlara tan\u0131k oldu<br \/>\n<br \/>Pamukkale \u00dcniversitesi Arkeoloji B\u00f6l\u00fcm\u00fc\u2019nden Do\u00e7. Dr. Bilge Y\u0131lmaz Kolanc\u0131\u2019n\u0131n bilimsel dan\u0131\u015fmanl\u0131\u011f\u0131nda y\u00fcr\u00fct\u00fclen kaz\u0131lar, Frig Ana Tanr\u0131\u00e7as\u0131 Matar\u2019a adanm\u0131\u015f kutsal alan\u0131n da bulundu\u011fu Attouda Antik Kenti\u2019nin ge\u00e7mi\u015fine \u0131\u015f\u0131k tutmaya devam ediyor.<br \/>\n<br \/>Do\u00e7. Dr. Bilge Y\u0131lmaz Kolanc\u0131, kaz\u0131 s\u00fcrecinde ya\u015fanan bu \u00f6zel bulguya dair ise \u015fu bilgileri payla\u015ft\u0131: &#8220;2025 y\u0131l\u0131nda Asar Tepesi\u2019nde y\u00fcr\u00fctt\u00fc\u011f\u00fcm\u00fcz kaz\u0131 \u00e7al\u0131\u015fmalar\u0131nda, 18 Eyl\u00fcl\u2019de toprak alt\u0131nda bir askeri k\u00fcnye bulduk. \u00dczerindeki soyad\u0131 ve y\u0131l ibaresinden hareketle ara\u015ft\u0131rma yapt\u0131k ve Hisar k\u00f6y\u00fcnde ya\u015fayan Kudret Top\u2019a ait oldu\u011funu belirledik. Kendisi 2009 y\u0131l\u0131nda vefat etmi\u015fti. Ailesiyle ileti\u015fime ge\u00e7ip, bug\u00fcn e\u015fi D\u00fcrdane Top\u2019a teslim ettik. Bu, kaz\u0131 \u00e7al\u0131\u015fmalar\u0131nda yaln\u0131zca tarihle de\u011fil, insan hik\u00e2yeleriyle de bulu\u015ftu\u011fumuz \u00e7ok \u00f6zel bir and\u0131. Bu emaneti ailesine de ula\u015ft\u0131rman\u0131n mutlulu\u011fu i\u00e7indeyiz.&#8221;<br \/><\/p>\n","protected":false},"excerpt":{"rendered":"<p>Denizli\u2019nin Sarayk\u00f6y il\u00e7esine ba\u011fl\u0131 Hisar k\u00f6y\u00fcnde, antik \u00e7a\u011flar\u0131n gizemli izlerini ta\u015f\u0131yan Attouda Antik Kenti\u2019nde y\u00fcr\u00fct\u00fclen kaz\u0131lar, sadece tarihi de\u011fil, modern d\u00f6neme ait bir insan hikayesini de ortaya \u00e7\u0131kard\u0131. Asar Tepesi\u2019nde toprak alt\u0131ndan bulunan askeri k\u00fcnye, 40 y\u0131l \u00f6nce \u00e7obanl\u0131k yaparken kaybetti\u011fi ve 2009 y\u0131l\u0131nda hayat\u0131n\u0131 kaybeden Hisar k\u00f6yl\u00fc Kudret Top\u2019a ait \u00e7\u0131kt\u0131. Arkeologlar, kaz\u0131da bulunan&#8230;<\/p>\n","protected":false},"author":1,"featured_media":61713,"comment_status":"open","ping_status":"open","sticky":false,"template":"","format":"standard","meta":{"_crdt_document":"","footnotes":""},"categories":[123],"tags":[],"class_list":["post-61712","post","type-post","status-publish","format-standard","has-post-thumbnail","hentry","category-gundem"],"_links":{"self":[{"href":"https:\/\/www.egemtv.com\/index.php?rest_route=\/wp\/v2\/posts\/61712","targetHints":{"allow":["GET"]}}],"collection":[{"href":"https:\/\/www.egemtv.com\/index.php?rest_route=\/wp\/v2\/posts"}],"about":[{"href":"https:\/\/www.egemtv.com\/index.php?rest_route=\/wp\/v2\/types\/post"}],"author":[{"embeddable":true,"href":"https:\/\/www.egemtv.com\/index.php?rest_route=\/wp\/v2\/users\/1"}],"replies":[{"embeddable":true,"href":"https:\/\/www.egemtv.com\/index.php?rest_route=%2Fwp%2Fv2%2Fcomments&post=61712"}],"version-history":[{"count":1,"href":"https:\/\/www.egemtv.com\/index.php?rest_route=\/wp\/v2\/posts\/61712\/revisions"}],"predecessor-version":[{"id":61714,"href":"https:\/\/www.egemtv.com\/index.php?rest_route=\/wp\/v2\/posts\/61712\/revisions\/61714"}],"wp:featuredmedia":[{"embeddable":true,"href":"https:\/\/www.egemtv.com\/index.php?rest_route=\/wp\/v2\/media\/61713"}],"wp:attachment":[{"href":"https:\/\/www.egemtv.com\/index.php?rest_route=%2Fwp%2Fv2%2Fmedia&parent=61712"}],"wp:term":[{"taxonomy":"category","embeddable":true,"href":"https:\/\/www.egemtv.com\/index.php?rest_route=%2Fwp%2Fv2%2Fcategories&post=61712"},{"taxonomy":"post_tag","embeddable":true,"href":"https:\/\/www.egemtv.com\/index.php?rest_route=%2Fwp%2Fv2%2Ftags&post=61712"}],"curies":[{"name":"wp","href":"https:\/\/api.w.org\/{rel}","templated":true}]}}