{"id":61709,"date":"2025-10-16T10:55:34","date_gmt":"2025-10-16T07:55:34","guid":{"rendered":"https:\/\/www.egemtv.com\/?p=61709"},"modified":"2025-10-16T10:55:41","modified_gmt":"2025-10-16T07:55:41","slug":"kamyonetin-devrildigi-kazada-3-kisi-yaralandi","status":"publish","type":"post","link":"https:\/\/www.egemtv.com\/?p=61709","title":{"rendered":"Kamyonetin devrildi\u011fi kazada 3 ki\u015fi yaraland\u0131"},"content":{"rendered":"<p>Afyonkarahisar\u2019da kamyonetin devrilmesi sonucu meydana gelen trafik kazas\u0131nda 3 ki\u015fi yaraland\u0131.<br \/>\n<br \/>Kaza, Emirda\u011f il\u00e7esi Davulga beldesi yak\u0131nlar\u0131nda meydana geldi. Edinilen bilgilere g\u00f6re, M.E.Y., idaresindeki 03 AHG 810 plakal\u0131 kamyonet s\u00fcr\u00fcc\u00fcs\u00fcn\u00fcn hen\u00fcz belirlenemeyen bir sebepten \u00f6t\u00fcr\u00fc direksiyon hakimiyetini kaybetmesi sonucu kontrolden \u00e7\u0131kt\u0131. Savrulan ara\u00e7 ard\u0131ndan yol kenar\u0131ndaki tar\u0131m arazisine devrildi. Kazada s\u00fcr\u00fcc\u00fc ile birlikte toplamda 3 ki\u015fi yaraland\u0131. Kazan\u0131n ard\u0131ndan \u00e7evredekilerin haber vermesi \u00fczerine olay yerine gelen ambulanslarla yaral\u0131lar hastanelere kald\u0131r\u0131ld\u0131.<br \/>\n<br \/>Kazan\u0131n ard\u0131ndan jandarma taraf\u0131ndan inceleme ba\u015flat\u0131ld\u0131.<br \/><\/p>\n","protected":false},"excerpt":{"rendered":"<p>Afyonkarahisar\u2019da kamyonetin devrilmesi sonucu meydana gelen trafik kazas\u0131nda 3 ki\u015fi yaraland\u0131. Kaza, Emirda\u011f il\u00e7esi Davulga beldesi yak\u0131nlar\u0131nda meydana geldi. Edinilen bilgilere g\u00f6re, M.E.Y., idaresindeki 03 AHG 810 plakal\u0131 kamyonet s\u00fcr\u00fcc\u00fcs\u00fcn\u00fcn hen\u00fcz belirlenemeyen bir sebepten \u00f6t\u00fcr\u00fc direksiyon hakimiyetini kaybetmesi sonucu kontrolden \u00e7\u0131kt\u0131. Savrulan ara\u00e7 ard\u0131ndan yol kenar\u0131ndaki tar\u0131m arazisine devrildi. Kazada s\u00fcr\u00fcc\u00fc ile birlikte toplamda 3&#8230;<\/p>\n","protected":false},"author":1,"featured_media":61710,"comment_status":"open","ping_status":"open","sticky":false,"template":"","format":"standard","meta":{"_crdt_document":"","footnotes":""},"categories":[5],"tags":[],"class_list":["post-61709","post","type-post","status-publish","format-standard","has-post-thumbnail","hentry","category-asayis"],"_links":{"self":[{"href":"https:\/\/www.egemtv.com\/index.php?rest_route=\/wp\/v2\/posts\/61709","targetHints":{"allow":["GET"]}}],"collection":[{"href":"https:\/\/www.egemtv.com\/index.php?rest_route=\/wp\/v2\/posts"}],"about":[{"href":"https:\/\/www.egemtv.com\/index.php?rest_route=\/wp\/v2\/types\/post"}],"author":[{"embeddable":true,"href":"https:\/\/www.egemtv.com\/index.php?rest_route=\/wp\/v2\/users\/1"}],"replies":[{"embeddable":true,"href":"https:\/\/www.egemtv.com\/index.php?rest_route=%2Fwp%2Fv2%2Fcomments&post=61709"}],"version-history":[{"count":1,"href":"https:\/\/www.egemtv.com\/index.php?rest_route=\/wp\/v2\/posts\/61709\/revisions"}],"predecessor-version":[{"id":61711,"href":"https:\/\/www.egemtv.com\/index.php?rest_route=\/wp\/v2\/posts\/61709\/revisions\/61711"}],"wp:featuredmedia":[{"embeddable":true,"href":"https:\/\/www.egemtv.com\/index.php?rest_route=\/wp\/v2\/media\/61710"}],"wp:attachment":[{"href":"https:\/\/www.egemtv.com\/index.php?rest_route=%2Fwp%2Fv2%2Fmedia&parent=61709"}],"wp:term":[{"taxonomy":"category","embeddable":true,"href":"https:\/\/www.egemtv.com\/index.php?rest_route=%2Fwp%2Fv2%2Fcategories&post=61709"},{"taxonomy":"post_tag","embeddable":true,"href":"https:\/\/www.egemtv.com\/index.php?rest_route=%2Fwp%2Fv2%2Ftags&post=61709"}],"curies":[{"name":"wp","href":"https:\/\/api.w.org\/{rel}","templated":true}]}}