{"id":61706,"date":"2025-10-16T10:55:27","date_gmt":"2025-10-16T07:55:27","guid":{"rendered":"https:\/\/www.egemtv.com\/?p=61706"},"modified":"2025-10-16T10:55:31","modified_gmt":"2025-10-16T07:55:31","slug":"yenipazarda-belediye-ekiplerinden-yogun-mesai","status":"publish","type":"post","link":"https:\/\/www.egemtv.com\/?p=61706","title":{"rendered":"Yenipazar\u2019da belediye ekiplerinden yo\u011fun mesai"},"content":{"rendered":"<p>Yenipazar Belediyesi ekipleri, il\u00e7enin farkl\u0131 noktalar\u0131nda e\u015f zamanl\u0131 olarak y\u00fcr\u00fct\u00fclen yol, altyap\u0131, park ve \u00e7evre d\u00fczenleme \u00e7al\u0131\u015fmalar\u0131yla hizmetlerini s\u00fcrd\u00fcr\u00fcyor.<\/p>\n<p>Yenipazar Belediye Ba\u015fkan\u0131 Malik Ercan, il\u00e7ede y\u00fcr\u00fct\u00fclen \u00e7al\u0131\u015fmalarla ilgili bilgi vererek ekiplerin sahada yo\u011fun \u015fekilde \u00e7al\u0131\u015ft\u0131\u011f\u0131n\u0131 belirtti. Ba\u015fkan Ercan, Yeni Mahalle Yasemin Sokak\u2019ta ASK\u0130 taraf\u0131ndan tamamlanan kanalizasyon altyap\u0131s\u0131n\u0131n ard\u0131ndan parke ta\u015f\u0131 d\u00f6\u015feme \u00e7al\u0131\u015fmalar\u0131na ba\u015fland\u0131\u011f\u0131n\u0131, yeni ta\u015flarla yolun daha geni\u015f ve kullan\u0131\u015fl\u0131 hale gelece\u011fini ifade etti. Donduran Mahallesi\u2019nde yol ve kald\u0131r\u0131m tamiratlar\u0131n\u0131n s\u00fcrd\u00fc\u011f\u00fcn\u00fc belirten Ercan, Do\u011fu Mahallesi Cumhuriyet \u0130lk-Ortaokulu yan\u0131ndaki parkta ot bi\u00e7imi ve temizlik \u00e7al\u0131\u015fmalar\u0131n\u0131n devam etti\u011fini kaydetti. Ayr\u0131ca H\u00fck\u00fcmet Mahallesi\u2019nde bulunan cemiyet alan\u0131 yan\u0131ndaki parkta parke ta\u015f\u0131 d\u00f6\u015feme ve \u00e7evre d\u00fczenleme \u00e7al\u0131\u015fmalar\u0131n\u0131n y\u00fcr\u00fct\u00fcld\u00fc\u011f\u00fcn\u00fc, \u00c7ar\u015f\u0131 Mahallesi Villalar B\u00f6lgesi\u2019nde ise hal\u0131 saha ve sosyal tesis in\u015faat\u0131n\u0131n s\u00fcrd\u00fc\u011f\u00fcn\u00fc s\u00f6yledi.<\/p>\n<p>\u2019Her \u015fey Yenipazar i\u00e7in\u2019 anlay\u0131\u015f\u0131yla hizmetlere devam ettiklerini vurgulayan Ba\u015fkan Ercan, \u00e7al\u0131\u015fmalar\u0131n il\u00e7e genelinde planl\u0131 bir \u015fekilde s\u00fcrece\u011fini belirtti.<br \/><\/p>\n","protected":false},"excerpt":{"rendered":"<p>Yenipazar Belediyesi ekipleri, il\u00e7enin farkl\u0131 noktalar\u0131nda e\u015f zamanl\u0131 olarak y\u00fcr\u00fct\u00fclen yol, altyap\u0131, park ve \u00e7evre d\u00fczenleme \u00e7al\u0131\u015fmalar\u0131yla hizmetlerini s\u00fcrd\u00fcr\u00fcyor. Yenipazar Belediye Ba\u015fkan\u0131 Malik Ercan, il\u00e7ede y\u00fcr\u00fct\u00fclen \u00e7al\u0131\u015fmalarla ilgili bilgi vererek ekiplerin sahada yo\u011fun \u015fekilde \u00e7al\u0131\u015ft\u0131\u011f\u0131n\u0131 belirtti. Ba\u015fkan Ercan, Yeni Mahalle Yasemin Sokak\u2019ta ASK\u0130 taraf\u0131ndan tamamlanan kanalizasyon altyap\u0131s\u0131n\u0131n ard\u0131ndan parke ta\u015f\u0131 d\u00f6\u015feme \u00e7al\u0131\u015fmalar\u0131na ba\u015fland\u0131\u011f\u0131n\u0131, yeni ta\u015flarla&#8230;<\/p>\n","protected":false},"author":1,"featured_media":61707,"comment_status":"open","ping_status":"open","sticky":false,"template":"","format":"standard","meta":{"_crdt_document":"","footnotes":""},"categories":[1],"tags":[],"class_list":["post-61706","post","type-post","status-publish","format-standard","has-post-thumbnail","hentry","category-guncel"],"_links":{"self":[{"href":"https:\/\/www.egemtv.com\/index.php?rest_route=\/wp\/v2\/posts\/61706","targetHints":{"allow":["GET"]}}],"collection":[{"href":"https:\/\/www.egemtv.com\/index.php?rest_route=\/wp\/v2\/posts"}],"about":[{"href":"https:\/\/www.egemtv.com\/index.php?rest_route=\/wp\/v2\/types\/post"}],"author":[{"embeddable":true,"href":"https:\/\/www.egemtv.com\/index.php?rest_route=\/wp\/v2\/users\/1"}],"replies":[{"embeddable":true,"href":"https:\/\/www.egemtv.com\/index.php?rest_route=%2Fwp%2Fv2%2Fcomments&post=61706"}],"version-history":[{"count":1,"href":"https:\/\/www.egemtv.com\/index.php?rest_route=\/wp\/v2\/posts\/61706\/revisions"}],"predecessor-version":[{"id":61708,"href":"https:\/\/www.egemtv.com\/index.php?rest_route=\/wp\/v2\/posts\/61706\/revisions\/61708"}],"wp:featuredmedia":[{"embeddable":true,"href":"https:\/\/www.egemtv.com\/index.php?rest_route=\/wp\/v2\/media\/61707"}],"wp:attachment":[{"href":"https:\/\/www.egemtv.com\/index.php?rest_route=%2Fwp%2Fv2%2Fmedia&parent=61706"}],"wp:term":[{"taxonomy":"category","embeddable":true,"href":"https:\/\/www.egemtv.com\/index.php?rest_route=%2Fwp%2Fv2%2Fcategories&post=61706"},{"taxonomy":"post_tag","embeddable":true,"href":"https:\/\/www.egemtv.com\/index.php?rest_route=%2Fwp%2Fv2%2Ftags&post=61706"}],"curies":[{"name":"wp","href":"https:\/\/api.w.org\/{rel}","templated":true}]}}