{"id":61703,"date":"2025-10-16T10:55:21","date_gmt":"2025-10-16T07:55:21","guid":{"rendered":"https:\/\/www.egemtv.com\/?p=61703"},"modified":"2025-10-16T10:55:23","modified_gmt":"2025-10-16T07:55:23","slug":"altintas-mem-takimi-kurumlararasi-basketbol-turnuvasinda-kutahya-birincisi","status":"publish","type":"post","link":"https:\/\/www.egemtv.com\/?p=61703","title":{"rendered":"Alt\u0131nta\u015f MEM tak\u0131m\u0131 kurumlararas\u0131 basketbol turnuvas\u0131nda K\u00fctahya birincisi"},"content":{"rendered":"<p>Gen\u00e7lik ve Spor Bakanl\u0131\u011f\u0131 taraf\u0131ndan d\u00fczenlenen Kamu Spor Oyunlar\u0131 Kurumlararas\u0131 3&#215;3 Basketbol Turnuvas\u0131 K\u00fctahya etab\u0131nda Alt\u0131nta\u015f \u0130l\u00e7e Milli E\u011fitim M\u00fcd\u00fcrl\u00fc\u011f\u00fc tak\u0131m\u0131 il birincisi oldu.<br \/>\n<br \/>\u00d6\u011fretmenler M. Eray Demiral, Mert Gezer, \u0130brahim Il\u0131k ve \u0130. Engin \u00c7ay\u0131rc\u0131\u2019dan olu\u015fan \u0130l\u00e7e Milli E\u011fitim M\u00fcd\u00fcrl\u00fc\u011f\u00fc tak\u0131m\u0131 m\u00fcsabakalarda sergiledikleri azim, dayan\u0131\u015fma ve sportmenlik dolu m\u00fccadeleleriyle b\u00fcy\u00fck takdir toplad\u0131. K\u00fctahya birincisi olan \u0130l\u00e7e Milli E\u011fitim M\u00fcd\u00fcrl\u00fc\u011f\u00fc tak\u0131m\u0131 Ege B\u00f6lgesi m\u00fcsabakalar\u0131nda K\u00fctahya\u2019y\u0131 temsil etme hakk\u0131 kazand\u0131.<br \/>\n<br \/>\u0130l birincisi tak\u0131m oyuncular\u0131n\u0131 makam\u0131nda kabul eden \u0130l\u00e7e Milli E\u011fitim M\u00fcd\u00fcr\u00fc Tuba Sinan, ba\u015far\u0131lar\u0131ndan dolay\u0131 kendilerini tebrik ederek Ege B\u00f6lgesi m\u00fcsabakalar\u0131nda ba\u015far\u0131 diledi.<br \/><\/p>\n","protected":false},"excerpt":{"rendered":"<p>Gen\u00e7lik ve Spor Bakanl\u0131\u011f\u0131 taraf\u0131ndan d\u00fczenlenen Kamu Spor Oyunlar\u0131 Kurumlararas\u0131 3&#215;3 Basketbol Turnuvas\u0131 K\u00fctahya etab\u0131nda Alt\u0131nta\u015f \u0130l\u00e7e Milli E\u011fitim M\u00fcd\u00fcrl\u00fc\u011f\u00fc tak\u0131m\u0131 il birincisi oldu. \u00d6\u011fretmenler M. Eray Demiral, Mert Gezer, \u0130brahim Il\u0131k ve \u0130. Engin \u00c7ay\u0131rc\u0131\u2019dan olu\u015fan \u0130l\u00e7e Milli E\u011fitim M\u00fcd\u00fcrl\u00fc\u011f\u00fc tak\u0131m\u0131 m\u00fcsabakalarda sergiledikleri azim, dayan\u0131\u015fma ve sportmenlik dolu m\u00fccadeleleriyle b\u00fcy\u00fck takdir toplad\u0131. K\u00fctahya birincisi&#8230;<\/p>\n","protected":false},"author":1,"featured_media":61704,"comment_status":"open","ping_status":"open","sticky":false,"template":"","format":"standard","meta":{"_crdt_document":"","footnotes":""},"categories":[4],"tags":[],"class_list":["post-61703","post","type-post","status-publish","format-standard","has-post-thumbnail","hentry","category-spor"],"_links":{"self":[{"href":"https:\/\/www.egemtv.com\/index.php?rest_route=\/wp\/v2\/posts\/61703","targetHints":{"allow":["GET"]}}],"collection":[{"href":"https:\/\/www.egemtv.com\/index.php?rest_route=\/wp\/v2\/posts"}],"about":[{"href":"https:\/\/www.egemtv.com\/index.php?rest_route=\/wp\/v2\/types\/post"}],"author":[{"embeddable":true,"href":"https:\/\/www.egemtv.com\/index.php?rest_route=\/wp\/v2\/users\/1"}],"replies":[{"embeddable":true,"href":"https:\/\/www.egemtv.com\/index.php?rest_route=%2Fwp%2Fv2%2Fcomments&post=61703"}],"version-history":[{"count":1,"href":"https:\/\/www.egemtv.com\/index.php?rest_route=\/wp\/v2\/posts\/61703\/revisions"}],"predecessor-version":[{"id":61705,"href":"https:\/\/www.egemtv.com\/index.php?rest_route=\/wp\/v2\/posts\/61703\/revisions\/61705"}],"wp:featuredmedia":[{"embeddable":true,"href":"https:\/\/www.egemtv.com\/index.php?rest_route=\/wp\/v2\/media\/61704"}],"wp:attachment":[{"href":"https:\/\/www.egemtv.com\/index.php?rest_route=%2Fwp%2Fv2%2Fmedia&parent=61703"}],"wp:term":[{"taxonomy":"category","embeddable":true,"href":"https:\/\/www.egemtv.com\/index.php?rest_route=%2Fwp%2Fv2%2Fcategories&post=61703"},{"taxonomy":"post_tag","embeddable":true,"href":"https:\/\/www.egemtv.com\/index.php?rest_route=%2Fwp%2Fv2%2Ftags&post=61703"}],"curies":[{"name":"wp","href":"https:\/\/api.w.org\/{rel}","templated":true}]}}