{"id":61700,"date":"2025-10-16T10:55:08","date_gmt":"2025-10-16T07:55:08","guid":{"rendered":"https:\/\/www.egemtv.com\/?p=61700"},"modified":"2025-10-16T10:55:11","modified_gmt":"2025-10-16T07:55:11","slug":"baskan-tetik-sabah-mesaisine-sumer-mahallesinde-basladi","status":"publish","type":"post","link":"https:\/\/www.egemtv.com\/?p=61700","title":{"rendered":"Ba\u015fkan Tetik, sabah mesaisine S\u00fcmer Mahallesi\u2019nde ba\u015flad\u0131"},"content":{"rendered":"<p>Nazilli Belediye Ba\u015fkan\u0131 Dr. Ertu\u011frul Tetik, sabah mesaisine saha ekiplerinin \u00e7al\u0131\u015fmalar\u0131n\u0131 inceleyerek ba\u015flad\u0131.<\/p>\n<p>Fen \u0130\u015fleri M\u00fcd\u00fcrl\u00fc\u011f\u00fc ekiplerinin S\u00fcmer Mahallesi 186, 950 ve 264. Sokak\u2019ta ba\u015flatt\u0131\u011f\u0131 yeni yol a\u00e7ma \u00e7al\u0131\u015fmalar\u0131n\u0131 yerinde inceleyen Ba\u015fkan Tetik, mahalle sakinlerinin sorunlar\u0131n\u0131 tek tek dinledi. Toprak yol nedeniyle toz ve \u00e7amurdan ciddi s\u0131k\u0131nt\u0131lar ya\u015fad\u0131klar\u0131n\u0131 belirten mahalle sakinleri, yolun bir an \u00f6nce tamamlanarak kullan\u0131ma a\u00e7\u0131lmas\u0131n\u0131 talep etti.<\/p>\n<p>Yakla\u015f\u0131k 6 bin metrekare alanda y\u00fcr\u00fct\u00fclen yol yap\u0131m \u00e7al\u0131\u015fmalar\u0131n\u0131n k\u0131sa s\u00fcrede tamamlanaca\u011f\u0131n\u0131 ifade eden Ba\u015fkan Tetik; &#8220;Bug\u00fcn ekibimizle birlikte A\u015fa\u011f\u0131 Nazilli\u2019deyiz. Muhtar\u0131m\u0131z\u0131n taleplerini, saha ekiplerimizin incelemelerini ve vatanda\u015flar\u0131m\u0131z\u0131n isteklerini dikkate alarak bu b\u00f6lgede \u00e7al\u0131\u015fmalar\u0131m\u0131z\u0131 yo\u011funla\u015ft\u0131rd\u0131k. Otoban g\u00fczergah\u0131nda yer alan bu soka\u011f\u0131m\u0131z, ayn\u0131 zamanda bir \u00e7evre yolu i\u015flevi de g\u00f6recek. Hem trafi\u011fi rahatlatmak hem de burada ya\u015fayan hem\u015fehrilerimizin taleplerine cevap vermek ad\u0131na \u00e7al\u0131\u015fmalar\u0131m\u0131za devam ediyoruz. \u015eehrimiz i\u00e7in gece g\u00fcnd\u00fcz demeden emek veren t\u00fcm ekip arkada\u015flar\u0131ma te\u015fekk\u00fcr ediyorum&#8221; dedi.<br \/><\/p>\n","protected":false},"excerpt":{"rendered":"<p>Nazilli Belediye Ba\u015fkan\u0131 Dr. Ertu\u011frul Tetik, sabah mesaisine saha ekiplerinin \u00e7al\u0131\u015fmalar\u0131n\u0131 inceleyerek ba\u015flad\u0131. Fen \u0130\u015fleri M\u00fcd\u00fcrl\u00fc\u011f\u00fc ekiplerinin S\u00fcmer Mahallesi 186, 950 ve 264. Sokak\u2019ta ba\u015flatt\u0131\u011f\u0131 yeni yol a\u00e7ma \u00e7al\u0131\u015fmalar\u0131n\u0131 yerinde inceleyen Ba\u015fkan Tetik, mahalle sakinlerinin sorunlar\u0131n\u0131 tek tek dinledi. Toprak yol nedeniyle toz ve \u00e7amurdan ciddi s\u0131k\u0131nt\u0131lar ya\u015fad\u0131klar\u0131n\u0131 belirten mahalle sakinleri, yolun bir an \u00f6nce&#8230;<\/p>\n","protected":false},"author":1,"featured_media":61701,"comment_status":"open","ping_status":"open","sticky":false,"template":"","format":"standard","meta":{"_crdt_document":"","footnotes":""},"categories":[1],"tags":[],"class_list":["post-61700","post","type-post","status-publish","format-standard","has-post-thumbnail","hentry","category-guncel"],"_links":{"self":[{"href":"https:\/\/www.egemtv.com\/index.php?rest_route=\/wp\/v2\/posts\/61700","targetHints":{"allow":["GET"]}}],"collection":[{"href":"https:\/\/www.egemtv.com\/index.php?rest_route=\/wp\/v2\/posts"}],"about":[{"href":"https:\/\/www.egemtv.com\/index.php?rest_route=\/wp\/v2\/types\/post"}],"author":[{"embeddable":true,"href":"https:\/\/www.egemtv.com\/index.php?rest_route=\/wp\/v2\/users\/1"}],"replies":[{"embeddable":true,"href":"https:\/\/www.egemtv.com\/index.php?rest_route=%2Fwp%2Fv2%2Fcomments&post=61700"}],"version-history":[{"count":1,"href":"https:\/\/www.egemtv.com\/index.php?rest_route=\/wp\/v2\/posts\/61700\/revisions"}],"predecessor-version":[{"id":61702,"href":"https:\/\/www.egemtv.com\/index.php?rest_route=\/wp\/v2\/posts\/61700\/revisions\/61702"}],"wp:featuredmedia":[{"embeddable":true,"href":"https:\/\/www.egemtv.com\/index.php?rest_route=\/wp\/v2\/media\/61701"}],"wp:attachment":[{"href":"https:\/\/www.egemtv.com\/index.php?rest_route=%2Fwp%2Fv2%2Fmedia&parent=61700"}],"wp:term":[{"taxonomy":"category","embeddable":true,"href":"https:\/\/www.egemtv.com\/index.php?rest_route=%2Fwp%2Fv2%2Fcategories&post=61700"},{"taxonomy":"post_tag","embeddable":true,"href":"https:\/\/www.egemtv.com\/index.php?rest_route=%2Fwp%2Fv2%2Ftags&post=61700"}],"curies":[{"name":"wp","href":"https:\/\/api.w.org\/{rel}","templated":true}]}}