{"id":61697,"date":"2025-10-16T10:55:01","date_gmt":"2025-10-16T07:55:01","guid":{"rendered":"https:\/\/www.egemtv.com\/?p=61697"},"modified":"2025-10-16T10:55:05","modified_gmt":"2025-10-16T07:55:05","slug":"aydin-yagisli-havanin-etkisine-girecek-2","status":"publish","type":"post","link":"https:\/\/www.egemtv.com\/?p=61697","title":{"rendered":"Ayd\u0131n ya\u011f\u0131\u015fl\u0131 havan\u0131n etkisine girecek"},"content":{"rendered":"<p>Ayd\u0131n\u2019da Cumartesi sabah saatlerinden itibaren ya\u011f\u0131\u015fl\u0131 havan\u0131n etkili olmas\u0131 bekleniyor.<\/p>\n<p>Meteoroloji verilerine g\u00f6re, Ayd\u0131n\u2019da havan\u0131n yar\u0131n par\u00e7al\u0131 ve az bulutlu, sabah saatleri k\u0131y\u0131lar\u0131 puslu yer yer sisli, Cumartesi par\u00e7al\u0131 ve \u00e7ok bulutlu, merkez \u00e7evreleri ve bat\u0131s\u0131 sa\u011fanak ya\u011f\u0131\u015fl\u0131, Pazar par\u00e7al\u0131 ve \u00e7ok bulutlu, il geneli sa\u011fanak ya\u011f\u0131\u015fl\u0131, sabah saatleri merkez \u00e7evreleri ve bat\u0131s\u0131 puslu yer yer sisli, Pazartesi par\u00e7al\u0131 bulutlu, do\u011fusu hafif sa\u011fanak ya\u011f\u0131\u015fl\u0131, sabah saatleri bat\u0131s\u0131 puslu yer yer sisli olmas\u0131 bekleniyor. Hava s\u0131cakl\u0131klar\u0131n\u0131n ise 24 ile 27 derece aras\u0131nda seyredece\u011fi tahmin ediliyor.<br \/><\/p>\n","protected":false},"excerpt":{"rendered":"<p>Ayd\u0131n\u2019da Cumartesi sabah saatlerinden itibaren ya\u011f\u0131\u015fl\u0131 havan\u0131n etkili olmas\u0131 bekleniyor. Meteoroloji verilerine g\u00f6re, Ayd\u0131n\u2019da havan\u0131n yar\u0131n par\u00e7al\u0131 ve az bulutlu, sabah saatleri k\u0131y\u0131lar\u0131 puslu yer yer sisli, Cumartesi par\u00e7al\u0131 ve \u00e7ok bulutlu, merkez \u00e7evreleri ve bat\u0131s\u0131 sa\u011fanak ya\u011f\u0131\u015fl\u0131, Pazar par\u00e7al\u0131 ve \u00e7ok bulutlu, il geneli sa\u011fanak ya\u011f\u0131\u015fl\u0131, sabah saatleri merkez \u00e7evreleri ve bat\u0131s\u0131 puslu yer&#8230;<\/p>\n","protected":false},"author":1,"featured_media":61698,"comment_status":"open","ping_status":"open","sticky":false,"template":"","format":"standard","meta":{"_crdt_document":"","footnotes":""},"categories":[1],"tags":[],"class_list":["post-61697","post","type-post","status-publish","format-standard","has-post-thumbnail","hentry","category-guncel"],"_links":{"self":[{"href":"https:\/\/www.egemtv.com\/index.php?rest_route=\/wp\/v2\/posts\/61697","targetHints":{"allow":["GET"]}}],"collection":[{"href":"https:\/\/www.egemtv.com\/index.php?rest_route=\/wp\/v2\/posts"}],"about":[{"href":"https:\/\/www.egemtv.com\/index.php?rest_route=\/wp\/v2\/types\/post"}],"author":[{"embeddable":true,"href":"https:\/\/www.egemtv.com\/index.php?rest_route=\/wp\/v2\/users\/1"}],"replies":[{"embeddable":true,"href":"https:\/\/www.egemtv.com\/index.php?rest_route=%2Fwp%2Fv2%2Fcomments&post=61697"}],"version-history":[{"count":1,"href":"https:\/\/www.egemtv.com\/index.php?rest_route=\/wp\/v2\/posts\/61697\/revisions"}],"predecessor-version":[{"id":61699,"href":"https:\/\/www.egemtv.com\/index.php?rest_route=\/wp\/v2\/posts\/61697\/revisions\/61699"}],"wp:featuredmedia":[{"embeddable":true,"href":"https:\/\/www.egemtv.com\/index.php?rest_route=\/wp\/v2\/media\/61698"}],"wp:attachment":[{"href":"https:\/\/www.egemtv.com\/index.php?rest_route=%2Fwp%2Fv2%2Fmedia&parent=61697"}],"wp:term":[{"taxonomy":"category","embeddable":true,"href":"https:\/\/www.egemtv.com\/index.php?rest_route=%2Fwp%2Fv2%2Fcategories&post=61697"},{"taxonomy":"post_tag","embeddable":true,"href":"https:\/\/www.egemtv.com\/index.php?rest_route=%2Fwp%2Fv2%2Ftags&post=61697"}],"curies":[{"name":"wp","href":"https:\/\/api.w.org\/{rel}","templated":true}]}}