{"id":61694,"date":"2025-10-16T10:35:44","date_gmt":"2025-10-16T07:35:44","guid":{"rendered":"https:\/\/www.egemtv.com\/?p=61694"},"modified":"2025-10-16T10:35:46","modified_gmt":"2025-10-16T07:35:46","slug":"baskan-kahveci-muhtarlarla-bir-araya-geldi","status":"publish","type":"post","link":"https:\/\/www.egemtv.com\/?p=61694","title":{"rendered":"Ba\u015fkan Kahveci, muhtarlarla bir araya geldi"},"content":{"rendered":"<p>K\u00fctahya Belediye Ba\u015fkan\u0131 Ey\u00fcp Kahveci, Bengisu Sosyal Tesisleri\u2019nde d\u00fczenlenen kahvalt\u0131 program\u0131 e\u015fli\u011finde ger\u00e7ekle\u015ftirilen Muhtarlar Toplant\u0131s\u0131\u2019nda mahalle muhtarlar\u0131yla bir araya geldi.<br \/>\n<br \/>K\u00fctahya Belediyesince d\u00fczenli olarak ger\u00e7ekle\u015ftirilen Muhtarlar Toplant\u0131s\u0131, Muhtarlar G\u00fcn\u00fc \u00f6ncesinde dayan\u0131\u015fma ve i\u015f birli\u011finin peki\u015fti\u011fi anlaml\u0131 bir bulu\u015fmaya sahne oldu. Belediye Ba\u015fkan\u0131 Ey\u00fcp Kahveci\u2019nin ba\u015fkanl\u0131\u011f\u0131nda ger\u00e7ekle\u015fen toplant\u0131ya mahalle muhtarlar\u0131 yo\u011fun kat\u0131l\u0131m g\u00f6sterdi.<br \/>\n<br \/>Toplant\u0131da mahallelerin ihtiya\u00e7lar\u0131, vatanda\u015flar\u0131n talepleri ve y\u00fcr\u00fct\u00fclen \u00e7al\u0131\u015fmalar de\u011ferlendirildi. Ba\u015fkan Kahveci, muhtarlar\u0131n sahadaki g\u00f6zlem ve \u00f6nerilerinin belediye hizmetlerinin planlanmas\u0131nda \u00f6nemli bir yol g\u00f6sterici oldu\u011funu vurgulad\u0131.<br \/>\n<br \/>Kahveci, &#8220;K\u00fctahya\u2019m\u0131z\u0131 ortak ak\u0131lla y\u00f6netiyoruz. Muhtarlar\u0131m\u0131z, hem\u015fehrilerimizle aram\u0131zdaki en g\u00fc\u00e7l\u00fc k\u00f6pr\u00fc. Tespitleri, vatanda\u015flar\u0131m\u0131z\u0131n ihtiya\u00e7lar\u0131n\u0131 do\u011frudan yerinde g\u00f6rmemizi sa\u011fl\u0131yor. Hep birlikte \u00e7al\u0131\u015farak mahallelerimizin ya\u015fam kalitesini y\u00fckseltece\u011fiz&#8221; ifadelerini kulland\u0131.<br \/>\n<br \/>K\u00fctahya Muhtarlar Derne\u011fi Ba\u015fkan\u0131 \u0130smail Ar\u0131 ba\u015fta olmak \u00fczere t\u00fcm mahalle muhtarlar\u0131n\u0131n Muhtarlar G\u00fcn\u00fc\u2019n\u00fc kutlayan Ba\u015fkan Kahveci, yerel y\u00f6netimlerdeki \u00f6zverili \u00e7al\u0131\u015fmalar\u0131 i\u00e7in muhtarlara te\u015fekk\u00fcr etti.<br \/>\n<br \/>Program\u0131n sonunda muhtarlar, Ba\u015fkan Ey\u00fcp Kahveci\u2019ye g\u00f6sterdi\u011fi yak\u0131n ilgi ve d\u00fczenli isti\u015fare ortam\u0131 i\u00e7in te\u015fekk\u00fcr ederek, bu bulu\u015fmalar\u0131n \u015fehrin y\u00f6netimine \u00f6nemli katk\u0131 sundu\u011funu ifade etti.<br \/><\/p>\n","protected":false},"excerpt":{"rendered":"<p>K\u00fctahya Belediye Ba\u015fkan\u0131 Ey\u00fcp Kahveci, Bengisu Sosyal Tesisleri\u2019nde d\u00fczenlenen kahvalt\u0131 program\u0131 e\u015fli\u011finde ger\u00e7ekle\u015ftirilen Muhtarlar Toplant\u0131s\u0131\u2019nda mahalle muhtarlar\u0131yla bir araya geldi. K\u00fctahya Belediyesince d\u00fczenli olarak ger\u00e7ekle\u015ftirilen Muhtarlar Toplant\u0131s\u0131, Muhtarlar G\u00fcn\u00fc \u00f6ncesinde dayan\u0131\u015fma ve i\u015f birli\u011finin peki\u015fti\u011fi anlaml\u0131 bir bulu\u015fmaya sahne oldu. Belediye Ba\u015fkan\u0131 Ey\u00fcp Kahveci\u2019nin ba\u015fkanl\u0131\u011f\u0131nda ger\u00e7ekle\u015fen toplant\u0131ya mahalle muhtarlar\u0131 yo\u011fun kat\u0131l\u0131m g\u00f6sterdi. Toplant\u0131da mahallelerin ihtiya\u00e7lar\u0131,&#8230;<\/p>\n","protected":false},"author":1,"featured_media":61695,"comment_status":"open","ping_status":"open","sticky":false,"template":"","format":"standard","meta":{"_crdt_document":"","footnotes":""},"categories":[123],"tags":[],"class_list":["post-61694","post","type-post","status-publish","format-standard","has-post-thumbnail","hentry","category-gundem"],"_links":{"self":[{"href":"https:\/\/www.egemtv.com\/index.php?rest_route=\/wp\/v2\/posts\/61694","targetHints":{"allow":["GET"]}}],"collection":[{"href":"https:\/\/www.egemtv.com\/index.php?rest_route=\/wp\/v2\/posts"}],"about":[{"href":"https:\/\/www.egemtv.com\/index.php?rest_route=\/wp\/v2\/types\/post"}],"author":[{"embeddable":true,"href":"https:\/\/www.egemtv.com\/index.php?rest_route=\/wp\/v2\/users\/1"}],"replies":[{"embeddable":true,"href":"https:\/\/www.egemtv.com\/index.php?rest_route=%2Fwp%2Fv2%2Fcomments&post=61694"}],"version-history":[{"count":1,"href":"https:\/\/www.egemtv.com\/index.php?rest_route=\/wp\/v2\/posts\/61694\/revisions"}],"predecessor-version":[{"id":61696,"href":"https:\/\/www.egemtv.com\/index.php?rest_route=\/wp\/v2\/posts\/61694\/revisions\/61696"}],"wp:featuredmedia":[{"embeddable":true,"href":"https:\/\/www.egemtv.com\/index.php?rest_route=\/wp\/v2\/media\/61695"}],"wp:attachment":[{"href":"https:\/\/www.egemtv.com\/index.php?rest_route=%2Fwp%2Fv2%2Fmedia&parent=61694"}],"wp:term":[{"taxonomy":"category","embeddable":true,"href":"https:\/\/www.egemtv.com\/index.php?rest_route=%2Fwp%2Fv2%2Fcategories&post=61694"},{"taxonomy":"post_tag","embeddable":true,"href":"https:\/\/www.egemtv.com\/index.php?rest_route=%2Fwp%2Fv2%2Ftags&post=61694"}],"curies":[{"name":"wp","href":"https:\/\/api.w.org\/{rel}","templated":true}]}}