{"id":61691,"date":"2025-10-16T10:35:41","date_gmt":"2025-10-16T07:35:41","guid":{"rendered":"https:\/\/www.egemtv.com\/?p=61691"},"modified":"2025-10-16T10:35:42","modified_gmt":"2025-10-16T07:35:42","slug":"vali-isin-engelli-vatandaslarimizin-yasamini-daha-da-kolaylastirmaliyiz","status":"publish","type":"post","link":"https:\/\/www.egemtv.com\/?p=61691","title":{"rendered":"Vali I\u015f\u0131n: &#8220;Engelli vatanda\u015flar\u0131m\u0131z\u0131n ya\u015fam\u0131n\u0131 daha da kolayla\u015ft\u0131rmal\u0131y\u0131z&#8221;"},"content":{"rendered":"<p>K\u00fctahya Valisi Musa I\u015f\u0131n, D\u00fcnya Beyaz Baston G\u00f6rme Engelliler G\u00fcn\u00fc dolay\u0131s\u0131yla Alt\u0131 Nokta K\u00f6rler Derne\u011fi K\u00fctahya \u015eube Ba\u015fkan\u0131 \u0130smail Bar\u0131\u015f ve dernek y\u00f6netim kurulu \u00fcyelerini makam\u0131nda kabul etti.<br \/>\n<br \/>Ziyarette, g\u00f6rme engelli bireylerin ya\u015fam kalitesinin art\u0131r\u0131lmas\u0131na y\u00f6nelik y\u00fcr\u00fct\u00fclen \u00e7al\u0131\u015fmalar, eri\u015filebilirlik alan\u0131nda yap\u0131lan d\u00fczenlemeler ve derne\u011fin faaliyetleri hakk\u0131nda bilgi verildi.<br \/>\n<br \/>Vali Musa I\u015f\u0131n, ziyaretten duydu\u011fu memnuniyeti dile getirerek, engelli bireylerin toplumsal hayatta aktif \u015fekilde yer almalar\u0131n\u0131n \u00f6nemine dikkat \u00e7ekti.<br \/>\n<br \/>I\u015f\u0131n, &#8220;Engelli vatanda\u015flar\u0131m\u0131z\u0131n ya\u015fam\u0131n\u0131 kolayla\u015ft\u0131rmak, sosyal hayata kat\u0131l\u0131mlar\u0131n\u0131 art\u0131rmak hepimizin ortak sorumlulu\u011fudur. Devletimiz, t\u00fcm kurumlar\u0131yla bu konuda hassasiyetle \u00e7al\u0131\u015fmaya devam etmektedir&#8221; ifadelerini kulland\u0131.<br \/><\/p>\n","protected":false},"excerpt":{"rendered":"<p>K\u00fctahya Valisi Musa I\u015f\u0131n, D\u00fcnya Beyaz Baston G\u00f6rme Engelliler G\u00fcn\u00fc dolay\u0131s\u0131yla Alt\u0131 Nokta K\u00f6rler Derne\u011fi K\u00fctahya \u015eube Ba\u015fkan\u0131 \u0130smail Bar\u0131\u015f ve dernek y\u00f6netim kurulu \u00fcyelerini makam\u0131nda kabul etti. Ziyarette, g\u00f6rme engelli bireylerin ya\u015fam kalitesinin art\u0131r\u0131lmas\u0131na y\u00f6nelik y\u00fcr\u00fct\u00fclen \u00e7al\u0131\u015fmalar, eri\u015filebilirlik alan\u0131nda yap\u0131lan d\u00fczenlemeler ve derne\u011fin faaliyetleri hakk\u0131nda bilgi verildi. Vali Musa I\u015f\u0131n, ziyaretten duydu\u011fu memnuniyeti dile&#8230;<\/p>\n","protected":false},"author":1,"featured_media":61692,"comment_status":"open","ping_status":"open","sticky":false,"template":"","format":"standard","meta":{"_crdt_document":"","footnotes":""},"categories":[123],"tags":[],"class_list":["post-61691","post","type-post","status-publish","format-standard","has-post-thumbnail","hentry","category-gundem"],"_links":{"self":[{"href":"https:\/\/www.egemtv.com\/index.php?rest_route=\/wp\/v2\/posts\/61691","targetHints":{"allow":["GET"]}}],"collection":[{"href":"https:\/\/www.egemtv.com\/index.php?rest_route=\/wp\/v2\/posts"}],"about":[{"href":"https:\/\/www.egemtv.com\/index.php?rest_route=\/wp\/v2\/types\/post"}],"author":[{"embeddable":true,"href":"https:\/\/www.egemtv.com\/index.php?rest_route=\/wp\/v2\/users\/1"}],"replies":[{"embeddable":true,"href":"https:\/\/www.egemtv.com\/index.php?rest_route=%2Fwp%2Fv2%2Fcomments&post=61691"}],"version-history":[{"count":1,"href":"https:\/\/www.egemtv.com\/index.php?rest_route=\/wp\/v2\/posts\/61691\/revisions"}],"predecessor-version":[{"id":61693,"href":"https:\/\/www.egemtv.com\/index.php?rest_route=\/wp\/v2\/posts\/61691\/revisions\/61693"}],"wp:featuredmedia":[{"embeddable":true,"href":"https:\/\/www.egemtv.com\/index.php?rest_route=\/wp\/v2\/media\/61692"}],"wp:attachment":[{"href":"https:\/\/www.egemtv.com\/index.php?rest_route=%2Fwp%2Fv2%2Fmedia&parent=61691"}],"wp:term":[{"taxonomy":"category","embeddable":true,"href":"https:\/\/www.egemtv.com\/index.php?rest_route=%2Fwp%2Fv2%2Fcategories&post=61691"},{"taxonomy":"post_tag","embeddable":true,"href":"https:\/\/www.egemtv.com\/index.php?rest_route=%2Fwp%2Fv2%2Ftags&post=61691"}],"curies":[{"name":"wp","href":"https:\/\/api.w.org\/{rel}","templated":true}]}}