{"id":61688,"date":"2025-10-16T10:35:37","date_gmt":"2025-10-16T07:35:37","guid":{"rendered":"https:\/\/www.egemtv.com\/?p=61688"},"modified":"2025-10-16T10:35:39","modified_gmt":"2025-10-16T07:35:39","slug":"gonullu-gencler-gelin-tanis-olalim-projesiyle-muglanin-dogasini-ve-tarihini-kesfetti","status":"publish","type":"post","link":"https:\/\/www.egemtv.com\/?p=61688","title":{"rendered":"G\u00f6n\u00fcll\u00fc gen\u00e7ler \u2019Gelin Tan\u0131\u015f Olal\u0131m\u2019 projesiyle Mu\u011fla\u2019n\u0131n do\u011fas\u0131n\u0131 ve tarihini ke\u015ffetti"},"content":{"rendered":"<p>Mu\u011fla Gen\u00e7lik ve Spor \u0130l M\u00fcd\u00fcrl\u00fc\u011f\u00fc b\u00fcnyesinde faaliyet g\u00f6steren Mu\u011fla Erkek \u00d6\u011frenci Yurdu ve Mu\u011fla K\u0131z \u00d6\u011frenci Yurdu gen\u00e7leri, &#8220;Gelin Tan\u0131\u015f Olal\u0131m&#8221; projesi kapsam\u0131nda d\u00fczenlenen \u00f6zel bir gezi etkinli\u011finde bir araya geldi. G\u00f6n\u00fcll\u00fc gen\u00e7ler, &#8220;Birlikte Ke\u015ffet, Do\u011fay\u0131 Hisset&#8221; slogan\u0131yla Mu\u011fla\u2019n\u0131n e\u015fsiz do\u011fal ve tarihi g\u00fczelliklerini ke\u015ffetti.<\/p>\n<p>Do\u011fa, spor ve k\u00fclt\u00fcr\u00fcn harmanland\u0131\u011f\u0131 etkinlik, Dalaman Kayac\u0131k Sahili\u2019nde ba\u015flad\u0131. Gen\u00e7ler, burada d\u00fczenlenen kano etkinli\u011fiyle su ve do\u011fayla i\u00e7 i\u00e7e keyifli anlar ya\u015fad\u0131. Program\u0131n devam\u0131nda Ortaca\u2019ya ge\u00e7en g\u00f6n\u00fcll\u00fc gen\u00e7ler, b\u00f6lgenin sembollerinden olan d\u00fcnyaca \u00fcnl\u00fc kum zambaklar\u0131n\u0131 yerinde g\u00f6zlemledi. Bu ziyaret sayesinde gen\u00e7ler, \u00e7evre bilinci ve do\u011fa koruma konular\u0131nda \u00f6nemli bir fark\u0131ndal\u0131k kazand\u0131.<\/p>\n<p>Gezinin son dura\u011f\u0131 ise Mu\u011fla\u2019n\u0131n zengin tarihi miras\u0131n\u0131 bar\u0131nd\u0131ran Dalyan Kral Mezarl\u0131klar\u0131 oldu. Tarihi yap\u0131lar\u0131 ziyaret eden gen\u00e7ler, b\u00f6lgenin k\u00fclt\u00fcrel ve tarihi \u00f6nemi hakk\u0131nda detayl\u0131 bilgi edinme f\u0131rsat\u0131 buldu.<\/p>\n<p>Mu\u011fla Gen\u00e7lik ve Spor \u0130l\u00e7e M\u00fcd\u00fcrl\u00fc\u011f\u00fc taraf\u0131ndan y\u00fcr\u00fct\u00fclen proje ile bir araya gelen g\u00f6n\u00fcll\u00fc gen\u00e7ler, hem do\u011fay\u0131 yak\u0131ndan tan\u0131ma hem de ortak bir ama\u00e7 etraf\u0131nda birlikte hareket etmenin ve dayan\u0131\u015fman\u0131n g\u00fcc\u00fcn\u00fc hissetme f\u0131rsat\u0131 bulduklar\u0131n\u0131 dile getirdi.<br \/><\/p>\n","protected":false},"excerpt":{"rendered":"<p>Mu\u011fla Gen\u00e7lik ve Spor \u0130l M\u00fcd\u00fcrl\u00fc\u011f\u00fc b\u00fcnyesinde faaliyet g\u00f6steren Mu\u011fla Erkek \u00d6\u011frenci Yurdu ve Mu\u011fla K\u0131z \u00d6\u011frenci Yurdu gen\u00e7leri, &#8220;Gelin Tan\u0131\u015f Olal\u0131m&#8221; projesi kapsam\u0131nda d\u00fczenlenen \u00f6zel bir gezi etkinli\u011finde bir araya geldi. G\u00f6n\u00fcll\u00fc gen\u00e7ler, &#8220;Birlikte Ke\u015ffet, Do\u011fay\u0131 Hisset&#8221; slogan\u0131yla Mu\u011fla\u2019n\u0131n e\u015fsiz do\u011fal ve tarihi g\u00fczelliklerini ke\u015ffetti. Do\u011fa, spor ve k\u00fclt\u00fcr\u00fcn harmanland\u0131\u011f\u0131 etkinlik, Dalaman Kayac\u0131k Sahili\u2019nde&#8230;<\/p>\n","protected":false},"author":1,"featured_media":61689,"comment_status":"open","ping_status":"open","sticky":false,"template":"","format":"standard","meta":{"_crdt_document":"","footnotes":""},"categories":[1],"tags":[],"class_list":["post-61688","post","type-post","status-publish","format-standard","has-post-thumbnail","hentry","category-guncel"],"_links":{"self":[{"href":"https:\/\/www.egemtv.com\/index.php?rest_route=\/wp\/v2\/posts\/61688","targetHints":{"allow":["GET"]}}],"collection":[{"href":"https:\/\/www.egemtv.com\/index.php?rest_route=\/wp\/v2\/posts"}],"about":[{"href":"https:\/\/www.egemtv.com\/index.php?rest_route=\/wp\/v2\/types\/post"}],"author":[{"embeddable":true,"href":"https:\/\/www.egemtv.com\/index.php?rest_route=\/wp\/v2\/users\/1"}],"replies":[{"embeddable":true,"href":"https:\/\/www.egemtv.com\/index.php?rest_route=%2Fwp%2Fv2%2Fcomments&post=61688"}],"version-history":[{"count":1,"href":"https:\/\/www.egemtv.com\/index.php?rest_route=\/wp\/v2\/posts\/61688\/revisions"}],"predecessor-version":[{"id":61690,"href":"https:\/\/www.egemtv.com\/index.php?rest_route=\/wp\/v2\/posts\/61688\/revisions\/61690"}],"wp:featuredmedia":[{"embeddable":true,"href":"https:\/\/www.egemtv.com\/index.php?rest_route=\/wp\/v2\/media\/61689"}],"wp:attachment":[{"href":"https:\/\/www.egemtv.com\/index.php?rest_route=%2Fwp%2Fv2%2Fmedia&parent=61688"}],"wp:term":[{"taxonomy":"category","embeddable":true,"href":"https:\/\/www.egemtv.com\/index.php?rest_route=%2Fwp%2Fv2%2Fcategories&post=61688"},{"taxonomy":"post_tag","embeddable":true,"href":"https:\/\/www.egemtv.com\/index.php?rest_route=%2Fwp%2Fv2%2Ftags&post=61688"}],"curies":[{"name":"wp","href":"https:\/\/api.w.org\/{rel}","templated":true}]}}