{"id":61685,"date":"2025-10-16T10:16:53","date_gmt":"2025-10-16T07:16:53","guid":{"rendered":"https:\/\/www.egemtv.com\/?p=61685"},"modified":"2025-10-16T10:17:07","modified_gmt":"2025-10-16T07:17:07","slug":"sokede-gida-isletmelerine-yonelik-denetimler-suruyor","status":"publish","type":"post","link":"https:\/\/www.egemtv.com\/?p=61685","title":{"rendered":"S\u00f6ke\u2019de g\u0131da i\u015fletmelerine y\u00f6nelik denetimler s\u00fcr\u00fcyor"},"content":{"rendered":"<p>Ayd\u0131n\u2019\u0131n S\u00f6ke il\u00e7esinde \u0130l\u00e7e Tar\u0131m ve Orman M\u00fcd\u00fcrl\u00fc\u011f\u00fc ekipleri, riske dayal\u0131 g\u0131da i\u015fletmelerine y\u00f6nelik denetimlerini aral\u0131ks\u0131z s\u00fcrd\u00fcr\u00fcyor.<\/p>\n<p>S\u00f6ke \u0130l\u00e7e Tar\u0131m ve Orman M\u00fcd\u00fcrl\u00fc\u011f\u00fc ekipleri, vatanda\u015flar\u0131n g\u00fcvenilir g\u0131daya ula\u015fmas\u0131n\u0131 sa\u011flamak amac\u0131yla il\u00e7e genelinde faaliyet g\u00f6steren i\u015fletmeleri kontrol etmeye devam ediyor. Denetimlerde hijyen \u015fartlar\u0131, \u00fcr\u00fcnlerin son kullanma tarihleri, muhafaza \u015fartlar\u0131 ve \u00e7al\u0131\u015fanlar\u0131n hijyen kurallar\u0131na uygunlu\u011fu kontrol edilirken, kurallara ayk\u0131r\u0131 durumlara kar\u015f\u0131 da gerekli yasal i\u015flemler uygulan\u0131yor. M\u00fcd\u00fcrl\u00fc\u011f\u00fcn sosyal medya hesab\u0131ndan yap\u0131lan payla\u015f\u0131mda, &#8220;Riske dayal\u0131 g\u0131da i\u015fletmeleri denetimlerimiz aral\u0131ks\u0131z devam ediyor&#8221; ifadelerine yer verilerek, g\u0131da g\u00fcvenli\u011fi ve halk sa\u011fl\u0131\u011f\u0131n\u0131n korunmas\u0131 i\u00e7in denetimlerin s\u00fcrece\u011fi belirtildi.<br \/><\/p>\n","protected":false},"excerpt":{"rendered":"<p>Ayd\u0131n\u2019\u0131n S\u00f6ke il\u00e7esinde \u0130l\u00e7e Tar\u0131m ve Orman M\u00fcd\u00fcrl\u00fc\u011f\u00fc ekipleri, riske dayal\u0131 g\u0131da i\u015fletmelerine y\u00f6nelik denetimlerini aral\u0131ks\u0131z s\u00fcrd\u00fcr\u00fcyor. S\u00f6ke \u0130l\u00e7e Tar\u0131m ve Orman M\u00fcd\u00fcrl\u00fc\u011f\u00fc ekipleri, vatanda\u015flar\u0131n g\u00fcvenilir g\u0131daya ula\u015fmas\u0131n\u0131 sa\u011flamak amac\u0131yla il\u00e7e genelinde faaliyet g\u00f6steren i\u015fletmeleri kontrol etmeye devam ediyor. Denetimlerde hijyen \u015fartlar\u0131, \u00fcr\u00fcnlerin son kullanma tarihleri, muhafaza \u015fartlar\u0131 ve \u00e7al\u0131\u015fanlar\u0131n hijyen kurallar\u0131na uygunlu\u011fu kontrol edilirken,&#8230;<\/p>\n","protected":false},"author":1,"featured_media":61686,"comment_status":"open","ping_status":"open","sticky":false,"template":"","format":"standard","meta":{"_crdt_document":"","footnotes":""},"categories":[1],"tags":[],"class_list":["post-61685","post","type-post","status-publish","format-standard","has-post-thumbnail","hentry","category-guncel"],"_links":{"self":[{"href":"https:\/\/www.egemtv.com\/index.php?rest_route=\/wp\/v2\/posts\/61685","targetHints":{"allow":["GET"]}}],"collection":[{"href":"https:\/\/www.egemtv.com\/index.php?rest_route=\/wp\/v2\/posts"}],"about":[{"href":"https:\/\/www.egemtv.com\/index.php?rest_route=\/wp\/v2\/types\/post"}],"author":[{"embeddable":true,"href":"https:\/\/www.egemtv.com\/index.php?rest_route=\/wp\/v2\/users\/1"}],"replies":[{"embeddable":true,"href":"https:\/\/www.egemtv.com\/index.php?rest_route=%2Fwp%2Fv2%2Fcomments&post=61685"}],"version-history":[{"count":1,"href":"https:\/\/www.egemtv.com\/index.php?rest_route=\/wp\/v2\/posts\/61685\/revisions"}],"predecessor-version":[{"id":61687,"href":"https:\/\/www.egemtv.com\/index.php?rest_route=\/wp\/v2\/posts\/61685\/revisions\/61687"}],"wp:featuredmedia":[{"embeddable":true,"href":"https:\/\/www.egemtv.com\/index.php?rest_route=\/wp\/v2\/media\/61686"}],"wp:attachment":[{"href":"https:\/\/www.egemtv.com\/index.php?rest_route=%2Fwp%2Fv2%2Fmedia&parent=61685"}],"wp:term":[{"taxonomy":"category","embeddable":true,"href":"https:\/\/www.egemtv.com\/index.php?rest_route=%2Fwp%2Fv2%2Fcategories&post=61685"},{"taxonomy":"post_tag","embeddable":true,"href":"https:\/\/www.egemtv.com\/index.php?rest_route=%2Fwp%2Fv2%2Ftags&post=61685"}],"curies":[{"name":"wp","href":"https:\/\/api.w.org\/{rel}","templated":true}]}}