{"id":61682,"date":"2025-10-16T10:16:19","date_gmt":"2025-10-16T07:16:19","guid":{"rendered":"https:\/\/www.egemtv.com\/?p=61682"},"modified":"2025-10-16T10:16:33","modified_gmt":"2025-10-16T07:16:33","slug":"ekim-gecidi-sergisi-cesmede","status":"publish","type":"post","link":"https:\/\/www.egemtv.com\/?p=61682","title":{"rendered":"&#8220;Ekim Ge\u00e7idi&#8221; sergisi \u00c7e\u015fme\u2019de"},"content":{"rendered":"<p>T\u00fcrkiye\u2019nin bir\u00e7ok ilinde ger\u00e7ekle\u015ftirilen &#8220;Ekim Ge\u00e7idi&#8221; sergisinin 24\u2019\u00fcnc\u00fcs\u00fc \u00c7e\u015fme \u00c7ar\u015f\u0131s\u0131\u2019ndaki tarihi Aya Haralambos Kilisesi\u2019nde a\u00e7\u0131ld\u0131. 20 Ekim\u2019e kadar ziyarete a\u00e7\u0131k olacak sergide, yeti\u015fkin sanat\u00e7\u0131lar\u0131n eserlerinin yan\u0131 s\u0131ra \u00e7ocuklar\u0131n yapt\u0131\u011f\u0131 resimler de sanatseverlerle bulu\u015fuyor.<br \/>\n<br \/>B\u00fcy\u00fck ilgi g\u00f6ren sergiyi, Nam\u0131k Kemal \u0130lkokulu \u00f6\u011frencileri de \u00f6\u011fretmenleri e\u015fli\u011finde ziyaret etti. Sergi d\u00fczenleyicilerinden ressam Feriha Da\u011fl\u0131, \u00f6\u011frencilere sergi ve resim sanat\u0131 hakk\u0131nda bilgi verirken, miniklerin merakl\u0131 sorular\u0131n\u0131 da yan\u0131tlad\u0131. Da\u011fl\u0131, sergide eseri bulunan \u00f6\u011frencilere kat\u0131l\u0131m sertifikalar\u0131n\u0131 da takdim etti.<\/p>\n<p>&#8220;Her \u00e7ocu\u011fun ruhunda bir iz b\u0131rakabildiysek ne mutlu bize&#8221;<br \/>\n<br \/>Ziyaretin ard\u0131ndan konu\u015fan ressam Feriha Da\u011fl\u0131, \u00e7ocuklar\u0131n ilgisinden duydu\u011fu memnuniyeti ifade ederek, &#8220;Bug\u00fcn miniklerimiz geldi ve ger\u00e7ekten \u00e7ok g\u00fczel sorular sordular. Asl\u0131nda tam da istedi\u011fimiz buydu; okullar\u0131n daha \u00e7ok sanat alanlar\u0131na gitmesi, bu alanlar\u0131n \u00e7ocuklarla dolmas\u0131. Avrupa\u2019n\u0131n herhangi bir \u015fehrine gitti\u011fimde en \u00e7ok etkilendi\u011fim \u015fey budur: M\u00fczeleri, sergileri gezerken orada \u00f6\u011frencilerin, \u00f6\u011fretmenlerin ve hatta yeni do\u011fum yapm\u0131\u015f bir annenin bile bebe\u011fini kuca\u011f\u0131nda ta\u015f\u0131y\u0131p ona tek tek eserleri g\u00f6sterdi\u011fini g\u00f6rmek. Belki o an \u00e7ocuk \u00e7ok k\u00fc\u00e7\u00fck diye d\u00fc\u015f\u00fcn\u00fcyorsunuz ama asl\u0131nda de\u011fil, g\u00f6rd\u00fc\u011f\u00fc g\u00fczellikler ya da \u00e7irkinlikler bilin\u00e7alt\u0131na yerle\u015fiyor. Bu y\u00fczden \u00e7ocuklar\u0131m\u0131za sanat\u0131 g\u00f6stermek, onlar\u0131 bu ortamlara dahil etmek \u00e7ok \u00f6nemli. E\u011fer bug\u00fcn burada her \u00e7ocu\u011fun ruhunda k\u00fc\u00e7\u00fcc\u00fck bir iz b\u0131rakabildiysek, ileride o merak duygusuyla \u00f6\u011frenmeye devam edeceklerdir.&#8221; dedi.<br \/>\n<br \/>Serginin ge\u00e7mi\u015fi hakk\u0131nda da bilgi veren Da\u011fl\u0131, &#8220;Ekim Ge\u00e7idi&#8221;nin 24 y\u0131ll\u0131k ser\u00fcvenini \u015f\u00f6yle anlatt\u0131: &#8220;Ekim Ge\u00e7idi bu y\u0131l 24. y\u0131l\u0131n\u0131 kutluyor. \u0130lki 2002 y\u0131l\u0131nda \u0130stanbul\u2019da yap\u0131lm\u0131\u015ft\u0131. Cumhuriyete olan sanat\u00e7\u0131 duru\u015funu sergilemek amac\u0131yla ba\u015flat\u0131ld\u0131. O g\u00fcnden bu yana 30\u2019dan fazla \u015fehirde, \u00fc\u00e7-d\u00f6rt bin sanat\u00e7\u0131n\u0131n kat\u0131l\u0131m\u0131yla ger\u00e7ekle\u015ftirildi. Sergiler bazen belediyelerin salonlar\u0131nda, bazen m\u00fczelerde, bazen de farkl\u0131 mek\u00e2nlarda d\u00fczenleniyor. Zaman zaman sponsorlar\u0131m\u0131z da oldu. Destekler bizleri motive ediyor, birlik duygusunu g\u00fc\u00e7lendiriyor.&#8221;<br \/><\/p>\n","protected":false},"excerpt":{"rendered":"<p>T\u00fcrkiye\u2019nin bir\u00e7ok ilinde ger\u00e7ekle\u015ftirilen &#8220;Ekim Ge\u00e7idi&#8221; sergisinin 24\u2019\u00fcnc\u00fcs\u00fc \u00c7e\u015fme \u00c7ar\u015f\u0131s\u0131\u2019ndaki tarihi Aya Haralambos Kilisesi\u2019nde a\u00e7\u0131ld\u0131. 20 Ekim\u2019e kadar ziyarete a\u00e7\u0131k olacak sergide, yeti\u015fkin sanat\u00e7\u0131lar\u0131n eserlerinin yan\u0131 s\u0131ra \u00e7ocuklar\u0131n yapt\u0131\u011f\u0131 resimler de sanatseverlerle bulu\u015fuyor. B\u00fcy\u00fck ilgi g\u00f6ren sergiyi, Nam\u0131k Kemal \u0130lkokulu \u00f6\u011frencileri de \u00f6\u011fretmenleri e\u015fli\u011finde ziyaret etti. Sergi d\u00fczenleyicilerinden ressam Feriha Da\u011fl\u0131, \u00f6\u011frencilere sergi ve resim&#8230;<\/p>\n","protected":false},"author":1,"featured_media":61683,"comment_status":"open","ping_status":"open","sticky":false,"template":"","format":"standard","meta":{"_crdt_document":"","footnotes":""},"categories":[1],"tags":[],"class_list":["post-61682","post","type-post","status-publish","format-standard","has-post-thumbnail","hentry","category-guncel"],"_links":{"self":[{"href":"https:\/\/www.egemtv.com\/index.php?rest_route=\/wp\/v2\/posts\/61682","targetHints":{"allow":["GET"]}}],"collection":[{"href":"https:\/\/www.egemtv.com\/index.php?rest_route=\/wp\/v2\/posts"}],"about":[{"href":"https:\/\/www.egemtv.com\/index.php?rest_route=\/wp\/v2\/types\/post"}],"author":[{"embeddable":true,"href":"https:\/\/www.egemtv.com\/index.php?rest_route=\/wp\/v2\/users\/1"}],"replies":[{"embeddable":true,"href":"https:\/\/www.egemtv.com\/index.php?rest_route=%2Fwp%2Fv2%2Fcomments&post=61682"}],"version-history":[{"count":1,"href":"https:\/\/www.egemtv.com\/index.php?rest_route=\/wp\/v2\/posts\/61682\/revisions"}],"predecessor-version":[{"id":61684,"href":"https:\/\/www.egemtv.com\/index.php?rest_route=\/wp\/v2\/posts\/61682\/revisions\/61684"}],"wp:featuredmedia":[{"embeddable":true,"href":"https:\/\/www.egemtv.com\/index.php?rest_route=\/wp\/v2\/media\/61683"}],"wp:attachment":[{"href":"https:\/\/www.egemtv.com\/index.php?rest_route=%2Fwp%2Fv2%2Fmedia&parent=61682"}],"wp:term":[{"taxonomy":"category","embeddable":true,"href":"https:\/\/www.egemtv.com\/index.php?rest_route=%2Fwp%2Fv2%2Fcategories&post=61682"},{"taxonomy":"post_tag","embeddable":true,"href":"https:\/\/www.egemtv.com\/index.php?rest_route=%2Fwp%2Fv2%2Ftags&post=61682"}],"curies":[{"name":"wp","href":"https:\/\/api.w.org\/{rel}","templated":true}]}}