{"id":61679,"date":"2025-10-16T10:15:47","date_gmt":"2025-10-16T07:15:47","guid":{"rendered":"https:\/\/www.egemtv.com\/?p=61679"},"modified":"2025-10-16T10:16:04","modified_gmt":"2025-10-16T07:16:04","slug":"yakaladigi-800-kiloluk-dev-orkinosu-sevdiklerine-ihram-etti","status":"publish","type":"post","link":"https:\/\/www.egemtv.com\/?p=61679","title":{"rendered":"Yakalad\u0131\u011f\u0131 800 kiloluk dev orkinosu sevdiklerine ihram etti"},"content":{"rendered":"<p>DEN\u0130ZL\u0130 (\u0130HA) \u2013 Denizli\u2019de 800 kiloluk dev bir orkinos bal\u0131\u011f\u0131 yakalayan i\u015fadam\u0131 Alptu\u011f \u00d6nal, av\u0131n\u0131 \u00e7al\u0131\u015fanlar\u0131 ve sevdiklerine ikram etti.<\/p>\n<p>Denizli\u2019de, \u00d6nallar G\u0131da taraf\u0131ndan d\u00fczenlenen 6. Geleneksel Orkinos \u0130kram\u0131 etkinli\u011finde, 800 kilo orkinos bal\u0131\u011f\u0131 vatanda\u015flara sunuldu. &#8220;\u0130yili\u011fi Payla\u015fma Hareketi&#8221; kapsam\u0131nda ger\u00e7ekle\u015ftirilen organizasyon, farkl\u0131 pi\u015firme teknikleriyle haz\u0131rlanan orkinos lezzetleriyle b\u00fcy\u00fck ilgi g\u00f6rd\u00fc.<br \/>\n<br \/>Etkinlikte, orkinos bal\u0131\u011f\u0131 \u0131zgara, noodle\u2019l\u0131 ve sushi gibi \u00e7e\u015fitli \u015fekillerde kat\u0131l\u0131mc\u0131lar\u0131n be\u011fenisine sunuldu Denizli Valisi \u00d6mer Faruk Co\u015fkun, Merkezefendi Kaymakam\u0131 Abdullah Demir, AK Parti \u0130l Ba\u015fkan\u0131 Muhammet Suba\u015f\u0131o\u011flu,  Pamukkale \u00dcniversitesi Rekt\u00f6r\u00fc Prof. Dr. Mahmud G\u00fcng\u00f6r ve Denizli \u0130l K\u00fclt\u00fcr ve Turizm M\u00fcd\u00fcr\u00fc H\u00fcdaverdi Otakl\u0131 gibi \u00f6nemli isimler de etkinlikte yer ald\u0131.<\/p>\n<p>\u00d6nallar G\u0131da Y\u00f6netim Kurulu \u00dcyesi Alptu\u011f \u00d6nal, a\u00e7\u0131l\u0131\u015f konu\u015fmas\u0131nda, bu etkinli\u011fi iyilik sofras\u0131 olarak tan\u0131mlayarak, &#8220;Payla\u015ft\u0131k\u00e7a \u00e7o\u011fal\u0131r\u0131z. Bu sofrada sadece bal\u0131k de\u011fil, sevgi ve dayan\u0131\u015fma da var&#8221; dedi.<\/p>\n<p>Etkinlik \u00f6zellikle \u00e7ocuklar ve gen\u00e7ler i\u00e7in orkinosun farkl\u0131 tatlar\u0131n\u0131 deneyimleme f\u0131rsat\u0131 sundu. \u00d6nallar G\u0131da yetkilileri, bu organizasyonun \u00f6n\u00fcm\u00fczdeki y\u0131llarda orkinos festivali ad\u0131yla daha kapsaml\u0131 \u015fekilde devam ettirilmesini hedefliyor.<br \/><\/p>\n","protected":false},"excerpt":{"rendered":"<p>DEN\u0130ZL\u0130 (\u0130HA) \u2013 Denizli\u2019de 800 kiloluk dev bir orkinos bal\u0131\u011f\u0131 yakalayan i\u015fadam\u0131 Alptu\u011f \u00d6nal, av\u0131n\u0131 \u00e7al\u0131\u015fanlar\u0131 ve sevdiklerine ikram etti. Denizli\u2019de, \u00d6nallar G\u0131da taraf\u0131ndan d\u00fczenlenen 6. Geleneksel Orkinos \u0130kram\u0131 etkinli\u011finde, 800 kilo orkinos bal\u0131\u011f\u0131 vatanda\u015flara sunuldu. &#8220;\u0130yili\u011fi Payla\u015fma Hareketi&#8221; kapsam\u0131nda ger\u00e7ekle\u015ftirilen organizasyon, farkl\u0131 pi\u015firme teknikleriyle haz\u0131rlanan orkinos lezzetleriyle b\u00fcy\u00fck ilgi g\u00f6rd\u00fc. Etkinlikte, orkinos bal\u0131\u011f\u0131 \u0131zgara,&#8230;<\/p>\n","protected":false},"author":1,"featured_media":61680,"comment_status":"open","ping_status":"open","sticky":false,"template":"","format":"standard","meta":{"_crdt_document":"","footnotes":""},"categories":[123],"tags":[],"class_list":["post-61679","post","type-post","status-publish","format-standard","has-post-thumbnail","hentry","category-gundem"],"_links":{"self":[{"href":"https:\/\/www.egemtv.com\/index.php?rest_route=\/wp\/v2\/posts\/61679","targetHints":{"allow":["GET"]}}],"collection":[{"href":"https:\/\/www.egemtv.com\/index.php?rest_route=\/wp\/v2\/posts"}],"about":[{"href":"https:\/\/www.egemtv.com\/index.php?rest_route=\/wp\/v2\/types\/post"}],"author":[{"embeddable":true,"href":"https:\/\/www.egemtv.com\/index.php?rest_route=\/wp\/v2\/users\/1"}],"replies":[{"embeddable":true,"href":"https:\/\/www.egemtv.com\/index.php?rest_route=%2Fwp%2Fv2%2Fcomments&post=61679"}],"version-history":[{"count":1,"href":"https:\/\/www.egemtv.com\/index.php?rest_route=\/wp\/v2\/posts\/61679\/revisions"}],"predecessor-version":[{"id":61681,"href":"https:\/\/www.egemtv.com\/index.php?rest_route=\/wp\/v2\/posts\/61679\/revisions\/61681"}],"wp:featuredmedia":[{"embeddable":true,"href":"https:\/\/www.egemtv.com\/index.php?rest_route=\/wp\/v2\/media\/61680"}],"wp:attachment":[{"href":"https:\/\/www.egemtv.com\/index.php?rest_route=%2Fwp%2Fv2%2Fmedia&parent=61679"}],"wp:term":[{"taxonomy":"category","embeddable":true,"href":"https:\/\/www.egemtv.com\/index.php?rest_route=%2Fwp%2Fv2%2Fcategories&post=61679"},{"taxonomy":"post_tag","embeddable":true,"href":"https:\/\/www.egemtv.com\/index.php?rest_route=%2Fwp%2Fv2%2Ftags&post=61679"}],"curies":[{"name":"wp","href":"https:\/\/api.w.org\/{rel}","templated":true}]}}