{"id":61676,"date":"2025-10-16T10:15:18","date_gmt":"2025-10-16T07:15:18","guid":{"rendered":"https:\/\/www.egemtv.com\/?p=61676"},"modified":"2025-10-16T10:15:27","modified_gmt":"2025-10-16T07:15:27","slug":"didimde-ogrencilere-deniz-ve-su-urunleri-bilinci-asilandi","status":"publish","type":"post","link":"https:\/\/www.egemtv.com\/?p=61676","title":{"rendered":"Didim\u2019de \u00f6\u011frencilere deniz ve su \u00fcr\u00fcnleri bilinci a\u015f\u0131land\u0131"},"content":{"rendered":"<p>Didim \u0130l\u00e7e Tar\u0131m ve Orman M\u00fcd\u00fcrl\u00fc\u011f\u00fc, \u00f6\u011frencilere y\u00f6nelik bilgilendirme etkinli\u011finde deniz temizli\u011fi, istilac\u0131 t\u00fcrler ve su \u00fcr\u00fcnleri t\u00fcketiminin \u00f6nemi konular\u0131nda fark\u0131ndal\u0131k olu\u015fturdu.<br \/>\n<br \/>Ayd\u0131n\u2019\u0131n Didim il\u00e7esinde, \u0130l ve \u0130l\u00e7e Tar\u0131m ve Orman M\u00fcd\u00fcrl\u00fc\u011f\u00fc Su \u00dcr\u00fcnleri Kontrol personelleri taraf\u0131ndan Denizk\u00f6y Ortaokulu ve Didim Anadolu Lisesi \u00f6\u011frencilerine y\u00f6nelik bilgilendirme etkinli\u011fi d\u00fczenlendi. Etkinlik kapsam\u0131nda \u00f6\u011frencilere &#8220;Deniz \u00e7\u00f6pleri, sucul istilac\u0131 t\u00fcrler ve hayalet av ara\u00e7lar\u0131&#8221; konular\u0131nda \u00e7evre bilincinin \u00f6nemi anlat\u0131l\u0131rken, ayn\u0131 zamanda su \u00fcr\u00fcnleri t\u00fcketiminin artt\u0131r\u0131lmas\u0131 ile bal\u0131k ve bal\u0131k d\u0131\u015f\u0131 su \u00fcr\u00fcnlerinin tan\u0131t\u0131m\u0131 \u00fczerine sunumlar ger\u00e7ekle\u015ftirildi. Programda, denizlerin s\u00fcrd\u00fcr\u00fclebilirli\u011fi i\u00e7in bilin\u00e7li t\u00fcketimin ve \u00e7evreye duyarl\u0131 davran\u0131\u015flar\u0131n \u00f6nemine vurgu yap\u0131ld\u0131.<br \/><\/p>\n","protected":false},"excerpt":{"rendered":"<p>Didim \u0130l\u00e7e Tar\u0131m ve Orman M\u00fcd\u00fcrl\u00fc\u011f\u00fc, \u00f6\u011frencilere y\u00f6nelik bilgilendirme etkinli\u011finde deniz temizli\u011fi, istilac\u0131 t\u00fcrler ve su \u00fcr\u00fcnleri t\u00fcketiminin \u00f6nemi konular\u0131nda fark\u0131ndal\u0131k olu\u015fturdu. Ayd\u0131n\u2019\u0131n Didim il\u00e7esinde, \u0130l ve \u0130l\u00e7e Tar\u0131m ve Orman M\u00fcd\u00fcrl\u00fc\u011f\u00fc Su \u00dcr\u00fcnleri Kontrol personelleri taraf\u0131ndan Denizk\u00f6y Ortaokulu ve Didim Anadolu Lisesi \u00f6\u011frencilerine y\u00f6nelik bilgilendirme etkinli\u011fi d\u00fczenlendi. Etkinlik kapsam\u0131nda \u00f6\u011frencilere &#8220;Deniz \u00e7\u00f6pleri, sucul istilac\u0131&#8230;<\/p>\n","protected":false},"author":1,"featured_media":61677,"comment_status":"open","ping_status":"open","sticky":false,"template":"","format":"standard","meta":{"_crdt_document":"","footnotes":""},"categories":[1],"tags":[],"class_list":["post-61676","post","type-post","status-publish","format-standard","has-post-thumbnail","hentry","category-guncel"],"_links":{"self":[{"href":"https:\/\/www.egemtv.com\/index.php?rest_route=\/wp\/v2\/posts\/61676","targetHints":{"allow":["GET"]}}],"collection":[{"href":"https:\/\/www.egemtv.com\/index.php?rest_route=\/wp\/v2\/posts"}],"about":[{"href":"https:\/\/www.egemtv.com\/index.php?rest_route=\/wp\/v2\/types\/post"}],"author":[{"embeddable":true,"href":"https:\/\/www.egemtv.com\/index.php?rest_route=\/wp\/v2\/users\/1"}],"replies":[{"embeddable":true,"href":"https:\/\/www.egemtv.com\/index.php?rest_route=%2Fwp%2Fv2%2Fcomments&post=61676"}],"version-history":[{"count":1,"href":"https:\/\/www.egemtv.com\/index.php?rest_route=\/wp\/v2\/posts\/61676\/revisions"}],"predecessor-version":[{"id":61678,"href":"https:\/\/www.egemtv.com\/index.php?rest_route=\/wp\/v2\/posts\/61676\/revisions\/61678"}],"wp:featuredmedia":[{"embeddable":true,"href":"https:\/\/www.egemtv.com\/index.php?rest_route=\/wp\/v2\/media\/61677"}],"wp:attachment":[{"href":"https:\/\/www.egemtv.com\/index.php?rest_route=%2Fwp%2Fv2%2Fmedia&parent=61676"}],"wp:term":[{"taxonomy":"category","embeddable":true,"href":"https:\/\/www.egemtv.com\/index.php?rest_route=%2Fwp%2Fv2%2Fcategories&post=61676"},{"taxonomy":"post_tag","embeddable":true,"href":"https:\/\/www.egemtv.com\/index.php?rest_route=%2Fwp%2Fv2%2Ftags&post=61676"}],"curies":[{"name":"wp","href":"https:\/\/api.w.org\/{rel}","templated":true}]}}