{"id":61673,"date":"2025-10-16T09:55:09","date_gmt":"2025-10-16T06:55:09","guid":{"rendered":"https:\/\/www.egemtv.com\/?p=61673"},"modified":"2025-10-16T09:55:14","modified_gmt":"2025-10-16T06:55:14","slug":"gece-kaza-yapan-iki-gencin-cenazesi-sabah-bulundu","status":"publish","type":"post","link":"https:\/\/www.egemtv.com\/?p=61673","title":{"rendered":"Gece kaza yapan iki gencin cenazesi sabah bulundu"},"content":{"rendered":"<p>DEN\u0130ZL\u0130 (\u0130HA) Denizli\u2019de gece saatlerinde s\u00fcr\u00fcc\u00fcs\u00fcn\u00fcn direksiyon hakimiyetini kaybetmesi sonucu dereye u\u00e7tu. Kaza yapan gen\u00e7lerin cans\u0131z bedenleri sabah saatlerinde bulundu.<\/p>\n<p>Kaza, G\u00fcney il\u00e7esi Haylamaz Mahallesi\u2019nde meydana geldi. Edinilen bilgilere g\u00f6re Yasin Dedeo\u011flu (18) ve arkada\u015f\u0131 O\u011fuzhan Yolda\u015f (18), plakas\u0131 hen\u00fcz \u00f6\u011frenilemeyen otomobil ile seyir halindeyken s\u00fcr\u00fcc\u00fc direksiyon hakimiyetini kaybetti. S\u00fcr\u00fcc\u00fcs\u00fcn\u00fcn direksiyon hakimiyetini kaybetti\u011fi otomobil yoldan \u00e7\u0131karak dereye u\u00e7tu. \u0130ki gencin yapt\u0131\u011f\u0131 kaza g\u00fcn\u00fcn ayd\u0131nlanmas\u0131yla fark edildi. B\u00f6lgedeki bir vatanda\u015f, dere yata\u011f\u0131nda kaza yapan arac\u0131 g\u00f6rerek 112 Acil \u00c7a\u011fr\u0131 Merkezine ihbarda bulundu. \u0130hbar \u00fczerine b\u00f6lgeye jandarma ve sa\u011fl\u0131k ekipleri sevk edildi. Sa\u011fl\u0131k ekipleri yapt\u0131klar\u0131 kontrollerde iki gencin de ya\u015fam\u0131n\u0131 yitirdi\u011fini belirledi.<br \/>\n<br \/>Olayla ilgili soru\u015fturma ba\u015flat\u0131ld\u0131.<br \/><\/p>\n","protected":false},"excerpt":{"rendered":"<p>DEN\u0130ZL\u0130 (\u0130HA) Denizli\u2019de gece saatlerinde s\u00fcr\u00fcc\u00fcs\u00fcn\u00fcn direksiyon hakimiyetini kaybetmesi sonucu dereye u\u00e7tu. Kaza yapan gen\u00e7lerin cans\u0131z bedenleri sabah saatlerinde bulundu. Kaza, G\u00fcney il\u00e7esi Haylamaz Mahallesi\u2019nde meydana geldi. Edinilen bilgilere g\u00f6re Yasin Dedeo\u011flu (18) ve arkada\u015f\u0131 O\u011fuzhan Yolda\u015f (18), plakas\u0131 hen\u00fcz \u00f6\u011frenilemeyen otomobil ile seyir halindeyken s\u00fcr\u00fcc\u00fc direksiyon hakimiyetini kaybetti. S\u00fcr\u00fcc\u00fcs\u00fcn\u00fcn direksiyon hakimiyetini kaybetti\u011fi otomobil yoldan&#8230;<\/p>\n","protected":false},"author":1,"featured_media":61674,"comment_status":"open","ping_status":"open","sticky":false,"template":"","format":"standard","meta":{"_crdt_document":"","footnotes":""},"categories":[5],"tags":[],"class_list":["post-61673","post","type-post","status-publish","format-standard","has-post-thumbnail","hentry","category-asayis"],"_links":{"self":[{"href":"https:\/\/www.egemtv.com\/index.php?rest_route=\/wp\/v2\/posts\/61673","targetHints":{"allow":["GET"]}}],"collection":[{"href":"https:\/\/www.egemtv.com\/index.php?rest_route=\/wp\/v2\/posts"}],"about":[{"href":"https:\/\/www.egemtv.com\/index.php?rest_route=\/wp\/v2\/types\/post"}],"author":[{"embeddable":true,"href":"https:\/\/www.egemtv.com\/index.php?rest_route=\/wp\/v2\/users\/1"}],"replies":[{"embeddable":true,"href":"https:\/\/www.egemtv.com\/index.php?rest_route=%2Fwp%2Fv2%2Fcomments&post=61673"}],"version-history":[{"count":1,"href":"https:\/\/www.egemtv.com\/index.php?rest_route=\/wp\/v2\/posts\/61673\/revisions"}],"predecessor-version":[{"id":61675,"href":"https:\/\/www.egemtv.com\/index.php?rest_route=\/wp\/v2\/posts\/61673\/revisions\/61675"}],"wp:featuredmedia":[{"embeddable":true,"href":"https:\/\/www.egemtv.com\/index.php?rest_route=\/wp\/v2\/media\/61674"}],"wp:attachment":[{"href":"https:\/\/www.egemtv.com\/index.php?rest_route=%2Fwp%2Fv2%2Fmedia&parent=61673"}],"wp:term":[{"taxonomy":"category","embeddable":true,"href":"https:\/\/www.egemtv.com\/index.php?rest_route=%2Fwp%2Fv2%2Fcategories&post=61673"},{"taxonomy":"post_tag","embeddable":true,"href":"https:\/\/www.egemtv.com\/index.php?rest_route=%2Fwp%2Fv2%2Ftags&post=61673"}],"curies":[{"name":"wp","href":"https:\/\/api.w.org\/{rel}","templated":true}]}}