{"id":61670,"date":"2025-10-16T09:54:58","date_gmt":"2025-10-16T06:54:58","guid":{"rendered":"https:\/\/www.egemtv.com\/?p=61670"},"modified":"2025-10-16T09:55:00","modified_gmt":"2025-10-16T06:55:00","slug":"izmirde-go-kart-isletmesindeki-yaralamanin-failleri-yakalandi","status":"publish","type":"post","link":"https:\/\/www.egemtv.com\/?p=61670","title":{"rendered":"\u0130zmir\u2019de go-kart i\u015fletmesindeki yaralaman\u0131n failleri yakaland\u0131"},"content":{"rendered":"<p>\u0130zmir\u2019in Gaziemir il\u00e7esinde bir go-kart i\u015fletmesinde ya\u015fanan silahl\u0131 sald\u0131r\u0131 olay\u0131n\u0131n ard\u0131ndan harekete ge\u00e7en polis ekipleri, olayla ba\u011flant\u0131l\u0131 6 \u015f\u00fcpheliyi su\u00e7 aletleriyle birlikte yakalad\u0131.<\/p>\n<p>D\u00fcn Gaziemir il\u00e7esinde bulunan bir go-kart i\u015fletmesinde meydana gelen ve M.E.H. adl\u0131 bir ki\u015finin baca\u011f\u0131ndan tabancayla vurulmas\u0131 olay\u0131yla ilgili Gaziemir \u0130l\u00e7e Emniyet M\u00fcd\u00fcrl\u00fc\u011f\u00fc Su\u00e7 \u00d6nleme ve Soru\u015fturma B\u00fcro Amirli\u011fi ekipleri geni\u015f \u00e7apl\u0131 \u00e7al\u0131\u015fma ba\u015flatt\u0131. Savc\u0131l\u0131ktan al\u0131nan izin do\u011frultusunda olayla ilgili operasyon ger\u00e7ekle\u015ftirildi. Yap\u0131lan \u00e7al\u0131\u015fmalar sonucu, olayla ba\u011flant\u0131l\u0131 olduklar\u0131 de\u011ferlendirilen E.M., B.A., U.C., S.A., R.A. ve N.E.H. adl\u0131 6 \u015f\u00fcpheli g\u00f6zalt\u0131na al\u0131nd\u0131.<\/p>\n<p>Adreslerde ger\u00e7ekle\u015fen aramalarda ise 3 ruhsats\u0131z tabanca, 1 ruhsats\u0131z pompal\u0131 t\u00fcfek, 110 adet dolu fi\u015fek, 20 adet dolu kartu\u015f, 1 uzun tabanca \u015farj\u00f6r\u00fc ve 1 k\u0131sa tabanca \u015farj\u00f6r\u00fc ele ge\u00e7irildi.<\/p>\n<p>Olayla ilgili y\u00fcr\u00fct\u00fclen soru\u015fturma s\u00fcr\u00fcyor.<br \/><\/p>\n","protected":false},"excerpt":{"rendered":"<p>\u0130zmir\u2019in Gaziemir il\u00e7esinde bir go-kart i\u015fletmesinde ya\u015fanan silahl\u0131 sald\u0131r\u0131 olay\u0131n\u0131n ard\u0131ndan harekete ge\u00e7en polis ekipleri, olayla ba\u011flant\u0131l\u0131 6 \u015f\u00fcpheliyi su\u00e7 aletleriyle birlikte yakalad\u0131. D\u00fcn Gaziemir il\u00e7esinde bulunan bir go-kart i\u015fletmesinde meydana gelen ve M.E.H. adl\u0131 bir ki\u015finin baca\u011f\u0131ndan tabancayla vurulmas\u0131 olay\u0131yla ilgili Gaziemir \u0130l\u00e7e Emniyet M\u00fcd\u00fcrl\u00fc\u011f\u00fc Su\u00e7 \u00d6nleme ve Soru\u015fturma B\u00fcro Amirli\u011fi ekipleri geni\u015f \u00e7apl\u0131&#8230;<\/p>\n","protected":false},"author":1,"featured_media":61671,"comment_status":"open","ping_status":"open","sticky":false,"template":"","format":"standard","meta":{"_crdt_document":"","footnotes":""},"categories":[5],"tags":[],"class_list":["post-61670","post","type-post","status-publish","format-standard","has-post-thumbnail","hentry","category-asayis"],"_links":{"self":[{"href":"https:\/\/www.egemtv.com\/index.php?rest_route=\/wp\/v2\/posts\/61670","targetHints":{"allow":["GET"]}}],"collection":[{"href":"https:\/\/www.egemtv.com\/index.php?rest_route=\/wp\/v2\/posts"}],"about":[{"href":"https:\/\/www.egemtv.com\/index.php?rest_route=\/wp\/v2\/types\/post"}],"author":[{"embeddable":true,"href":"https:\/\/www.egemtv.com\/index.php?rest_route=\/wp\/v2\/users\/1"}],"replies":[{"embeddable":true,"href":"https:\/\/www.egemtv.com\/index.php?rest_route=%2Fwp%2Fv2%2Fcomments&post=61670"}],"version-history":[{"count":1,"href":"https:\/\/www.egemtv.com\/index.php?rest_route=\/wp\/v2\/posts\/61670\/revisions"}],"predecessor-version":[{"id":61672,"href":"https:\/\/www.egemtv.com\/index.php?rest_route=\/wp\/v2\/posts\/61670\/revisions\/61672"}],"wp:featuredmedia":[{"embeddable":true,"href":"https:\/\/www.egemtv.com\/index.php?rest_route=\/wp\/v2\/media\/61671"}],"wp:attachment":[{"href":"https:\/\/www.egemtv.com\/index.php?rest_route=%2Fwp%2Fv2%2Fmedia&parent=61670"}],"wp:term":[{"taxonomy":"category","embeddable":true,"href":"https:\/\/www.egemtv.com\/index.php?rest_route=%2Fwp%2Fv2%2Fcategories&post=61670"},{"taxonomy":"post_tag","embeddable":true,"href":"https:\/\/www.egemtv.com\/index.php?rest_route=%2Fwp%2Fv2%2Ftags&post=61670"}],"curies":[{"name":"wp","href":"https:\/\/api.w.org\/{rel}","templated":true}]}}