{"id":61667,"date":"2025-10-16T09:54:52","date_gmt":"2025-10-16T06:54:52","guid":{"rendered":"https:\/\/www.egemtv.com\/?p=61667"},"modified":"2025-10-16T09:54:55","modified_gmt":"2025-10-16T06:54:55","slug":"catlaklar-yuzunden-2-yildir-ibadete-kapali","status":"publish","type":"post","link":"https:\/\/www.egemtv.com\/?p=61667","title":{"rendered":"\u00c7atlaklar y\u00fcz\u00fcnden 2 y\u0131ld\u0131r ibadete kapal\u0131"},"content":{"rendered":"<p>Bergama\u2019n\u0131n G\u00f6\u00e7beyli Mahallesi\u2019nde bulunan tarihi G\u00f6\u00e7beyli Merkez Camii\u2019nin, duvar\u0131ndaki \u00e7atlaklar sebebiyle iki y\u0131ld\u0131r ibadete kapal\u0131 olmas\u0131 k\u00f6yl\u00fclerin tepkisine neden oluyor. Onar\u0131m yap\u0131lmamas\u0131, hem camiyi hem de mahallenin sosyal hayat\u0131n\u0131 olumsuz etkiliyor.<br \/>\n<br \/>Bergama\u2019da 19 y\u00fczy\u0131lda in\u015fa edilen, ba\u011fdadi kubbeli mimarisiyle dikkat \u00e7eken tarihi G\u00f6\u00e7beyli Merkez Camii\u2019nin 2020 y\u0131l\u0131nda duvarlar\u0131nda \u00e7atlaklar olu\u015ftu\u011fu tespit edildi. Restorasyon ge\u00e7irmi\u015f olan cami 2024 y\u0131l\u0131nda tespit edilen \u00e7atlaklar sebebiyle ibadete kapat\u0131ld\u0131. Aradan ge\u00e7en uzun s\u00fcreye ra\u011fmen ne bir onar\u0131m yap\u0131ld\u0131 ne de \u00e7al\u0131\u015fma ba\u015flat\u0131ld\u0131. Duruma tepki g\u00f6steren k\u00f6yl\u00fclere g\u00f6re, caminin yap\u0131s\u0131nda ciddi bir tehlike bulunmamas\u0131na ra\u011fmen s\u00fcrecin bu kadar uzamas\u0131n\u0131 anlams\u0131z olarak de\u011ferlendiriliyor. Vatanda\u015flar, &#8220;Bir duvar \u00e7atla\u011f\u0131 i\u00e7in iki y\u0131l beklemek ak\u0131l al\u0131r \u015fey de\u011fil&#8221; diyerek yetkililere tepki g\u00f6steriyor.<\/p>\n<p>Depremleri atlatt\u0131, b\u00fcrokrasiye tak\u0131ld\u0131<br \/>\n<br \/>G\u00f6\u00e7beyli Merkez Camii, yakla\u015f\u0131k 2 as\u0131r boyunca bir\u00e7ok deprem ve f\u0131rt\u0131nay\u0131 atlatmas\u0131na ra\u011fmen b\u00fcrokratik engelleri a\u015famad\u0131. Caminin kapanmas\u0131yla birlikte k\u00f6ydeki dini ve toplumsal ya\u015fam da olumsuz etkilendi. Cemaat say\u0131s\u0131 300\u2019den 15\u2019e d\u00fc\u015ft\u00fc. Cemaatsiz kalan imam ba\u015fka bir mescide g\u00f6nderilirken, bu durum da halk aras\u0131nda rahats\u0131zl\u0131\u011fa neden oldu. &#8220;Koca cami kapal\u0131 dururken iki imam\u0131n k\u00fc\u00e7\u00fck bir mescitte g\u00f6rev yapmas\u0131 anlams\u0131z&#8221; diyen k\u00f6yl\u00fcler, soruna \u00e7\u00f6z\u00fcm bulunmas\u0131n\u0131 istedi.<br \/>\n<br \/>Bergama M\u00fcft\u00fcl\u00fc\u011f\u00fc, Vak\u0131flar B\u00f6lge M\u00fcd\u00fcrl\u00fc\u011f\u00fc ve \u0130zmir Valili\u011fi\u2019ni g\u00f6reve \u00e7a\u011f\u0131ran vatanda\u015flar, &#8220;G\u00f6\u00e7beyli Merkez Camii, yaln\u0131zca bir ibadethane de\u011fil, ayn\u0131 zamanda \u00f6nemli bir k\u00fclt\u00fcrel miras. Bir duvar \u00e7atla\u011f\u0131n\u0131 iki y\u0131lda onaramayan y\u00f6neticiler, b\u00fcy\u00fck sorunlar\u0131 nas\u0131l \u00e7\u00f6zecek?&#8221; diyerek b\u00fcrokratik hantall\u0131\u011fa dikkat \u00e7ekti. K\u00f6yl\u00fcler, hem ibadetlerini yeniden camilerinde yapabilmek hem de bu tarihi yap\u0131n\u0131n \u00e7\u00f6k\u00fc\u015fe terk edilmemesi i\u00e7in yetkililerden acil ad\u0131m at\u0131lmas\u0131n\u0131 beklediklerini ifade etti.<br \/><\/p>\n","protected":false},"excerpt":{"rendered":"<p>Bergama\u2019n\u0131n G\u00f6\u00e7beyli Mahallesi\u2019nde bulunan tarihi G\u00f6\u00e7beyli Merkez Camii\u2019nin, duvar\u0131ndaki \u00e7atlaklar sebebiyle iki y\u0131ld\u0131r ibadete kapal\u0131 olmas\u0131 k\u00f6yl\u00fclerin tepkisine neden oluyor. Onar\u0131m yap\u0131lmamas\u0131, hem camiyi hem de mahallenin sosyal hayat\u0131n\u0131 olumsuz etkiliyor. Bergama\u2019da 19 y\u00fczy\u0131lda in\u015fa edilen, ba\u011fdadi kubbeli mimarisiyle dikkat \u00e7eken tarihi G\u00f6\u00e7beyli Merkez Camii\u2019nin 2020 y\u0131l\u0131nda duvarlar\u0131nda \u00e7atlaklar olu\u015ftu\u011fu tespit edildi. Restorasyon ge\u00e7irmi\u015f olan&#8230;<\/p>\n","protected":false},"author":1,"featured_media":61668,"comment_status":"open","ping_status":"open","sticky":false,"template":"","format":"standard","meta":{"_crdt_document":"","footnotes":""},"categories":[1],"tags":[],"class_list":["post-61667","post","type-post","status-publish","format-standard","has-post-thumbnail","hentry","category-guncel"],"_links":{"self":[{"href":"https:\/\/www.egemtv.com\/index.php?rest_route=\/wp\/v2\/posts\/61667","targetHints":{"allow":["GET"]}}],"collection":[{"href":"https:\/\/www.egemtv.com\/index.php?rest_route=\/wp\/v2\/posts"}],"about":[{"href":"https:\/\/www.egemtv.com\/index.php?rest_route=\/wp\/v2\/types\/post"}],"author":[{"embeddable":true,"href":"https:\/\/www.egemtv.com\/index.php?rest_route=\/wp\/v2\/users\/1"}],"replies":[{"embeddable":true,"href":"https:\/\/www.egemtv.com\/index.php?rest_route=%2Fwp%2Fv2%2Fcomments&post=61667"}],"version-history":[{"count":1,"href":"https:\/\/www.egemtv.com\/index.php?rest_route=\/wp\/v2\/posts\/61667\/revisions"}],"predecessor-version":[{"id":61669,"href":"https:\/\/www.egemtv.com\/index.php?rest_route=\/wp\/v2\/posts\/61667\/revisions\/61669"}],"wp:featuredmedia":[{"embeddable":true,"href":"https:\/\/www.egemtv.com\/index.php?rest_route=\/wp\/v2\/media\/61668"}],"wp:attachment":[{"href":"https:\/\/www.egemtv.com\/index.php?rest_route=%2Fwp%2Fv2%2Fmedia&parent=61667"}],"wp:term":[{"taxonomy":"category","embeddable":true,"href":"https:\/\/www.egemtv.com\/index.php?rest_route=%2Fwp%2Fv2%2Fcategories&post=61667"},{"taxonomy":"post_tag","embeddable":true,"href":"https:\/\/www.egemtv.com\/index.php?rest_route=%2Fwp%2Fv2%2Ftags&post=61667"}],"curies":[{"name":"wp","href":"https:\/\/api.w.org\/{rel}","templated":true}]}}