{"id":61661,"date":"2025-10-16T03:54:32","date_gmt":"2025-10-16T00:54:32","guid":{"rendered":"https:\/\/www.egemtv.com\/?p=61661"},"modified":"2025-10-16T03:54:35","modified_gmt":"2025-10-16T00:54:35","slug":"yaralanan-akdeniz-yavru-kesis-foku-oldu","status":"publish","type":"post","link":"https:\/\/www.egemtv.com\/?p=61661","title":{"rendered":"Yaralanan Akdeniz yavru ke\u015fi\u015f foku \u00f6ld\u00fc"},"content":{"rendered":"<p>D\u00fcnyada say\u0131lar\u0131 binlerle ifade edilen, nesli tehlike alt\u0131ndaki t\u00fcrlerden olan ve koruma alt\u0131ndaki Akdeniz ke\u015fi\u015f foklar\u0131 insan kaynakl\u0131 yaralanmalar sonucu g\u00fcn ge\u00e7tik\u00e7e t\u00fcr\u00fc yok oluyor. Bodrum G\u00fcndo\u011fan\u2019da yaral\u0131 halde k\u0131y\u0131ya \u00e7\u0131kan yavru Akdeniz ke\u015fi\u015f foku, yard\u0131m ula\u015famadan hayat\u0131n\u0131 kaybetti.<br \/>\n<br \/>G\u00fcndo\u011fan\u2019daki yavru Akdeniz ke\u015fi\u015f fokunun \u00f6l\u00fcm\u00fcnden sonra Akdeniz Koruma Derne\u011fi taraf\u0131ndan yap\u0131lan payla\u015f\u0131mda, &#8220;D\u00fcnya genelinde say\u0131lar\u0131 Binin alt\u0131nda oldu\u011fu bilinen Akdeniz ke\u015fi\u015f foku, ne yaz\u0131k ki insan kaynakl\u0131 nedenlerle \u00f6lmeye devam ediyor. K\u0131y\u0131lar\u0131m\u0131z, bu nesli tehlike alt\u0131ndaki t\u00fcr\u00fcn hala ya\u015fad\u0131\u011f\u0131 ve yavrulad\u0131\u011f\u0131 \u00f6nemli alanlardan biri. Ancak daralan habitatlar\u0131, insan bask\u0131s\u0131 ve bilin\u00e7siz davran\u0131\u015flar, t\u00fcr\u00fcn gelece\u011fini her ge\u00e7en g\u00fcn daha da tehdit ediyor. Akdeniz ke\u015fi\u015f foklar\u0131, insan varl\u0131\u011f\u0131na al\u0131\u015ft\u0131klar\u0131nda tehlike alg\u0131lar\u0131n\u0131 yitiriyor ve bu da ya\u015famlar\u0131n\u0131 riske at\u0131yor. Mesafeyi korumak ise onlar\u0131 hayatta tutuyor. Bu nedenle, Foklarla fiziksel temas kurmamak, uzak mesafeden g\u00f6zlemlemek, sessiz kalmak ve etkile\u015fime girmemek, beslemeye ya da dokunmaya \u00e7al\u0131\u015fmamak \u00e7ok \u00f6nemli. Bu hassas t\u00fcr i\u00e7in, k\u0131y\u0131 ma\u011faralar\u0131n\u0131n yer ald\u0131\u011f\u0131 kayal\u0131k k\u0131y\u0131larda insan etkisini azaltmal\u0131 ve onlar\u0131n da nefes alabilece\u011fi ya\u015fam alanlar\u0131 b\u0131rakmal\u0131y\u0131z. Akdeniz ke\u015fi\u015f fokunun ya\u015fam alanlar\u0131n\u0131 art\u0131rmak amac\u0131yla, k\u0131y\u0131 ma\u011faralar\u0131nda y\u00fcr\u00fctt\u00fc\u011f\u00fcm\u00fcz iyile\u015ftirme ve restorasyon \u00e7al\u0131\u015fmalar\u0131 sayesinde bu ma\u011faralar, t\u00fcr i\u00e7in g\u00fcvenli yuvalara d\u00f6n\u00fc\u015f\u00fcyor. Ya\u015fanan bu olay, bu \u00e7al\u0131\u015fmalar\u0131n ne kadar hayati oldu\u011funu bir kez daha g\u00f6steriyor&#8221; denildi.<br \/><\/p>\n","protected":false},"excerpt":{"rendered":"<p>D\u00fcnyada say\u0131lar\u0131 binlerle ifade edilen, nesli tehlike alt\u0131ndaki t\u00fcrlerden olan ve koruma alt\u0131ndaki Akdeniz ke\u015fi\u015f foklar\u0131 insan kaynakl\u0131 yaralanmalar sonucu g\u00fcn ge\u00e7tik\u00e7e t\u00fcr\u00fc yok oluyor. Bodrum G\u00fcndo\u011fan\u2019da yaral\u0131 halde k\u0131y\u0131ya \u00e7\u0131kan yavru Akdeniz ke\u015fi\u015f foku, yard\u0131m ula\u015famadan hayat\u0131n\u0131 kaybetti. G\u00fcndo\u011fan\u2019daki yavru Akdeniz ke\u015fi\u015f fokunun \u00f6l\u00fcm\u00fcnden sonra Akdeniz Koruma Derne\u011fi taraf\u0131ndan yap\u0131lan payla\u015f\u0131mda, &#8220;D\u00fcnya genelinde say\u0131lar\u0131&#8230;<\/p>\n","protected":false},"author":1,"featured_media":61662,"comment_status":"open","ping_status":"open","sticky":false,"template":"","format":"standard","meta":{"_crdt_document":"","footnotes":""},"categories":[1],"tags":[],"class_list":["post-61661","post","type-post","status-publish","format-standard","has-post-thumbnail","hentry","category-guncel"],"_links":{"self":[{"href":"https:\/\/www.egemtv.com\/index.php?rest_route=\/wp\/v2\/posts\/61661","targetHints":{"allow":["GET"]}}],"collection":[{"href":"https:\/\/www.egemtv.com\/index.php?rest_route=\/wp\/v2\/posts"}],"about":[{"href":"https:\/\/www.egemtv.com\/index.php?rest_route=\/wp\/v2\/types\/post"}],"author":[{"embeddable":true,"href":"https:\/\/www.egemtv.com\/index.php?rest_route=\/wp\/v2\/users\/1"}],"replies":[{"embeddable":true,"href":"https:\/\/www.egemtv.com\/index.php?rest_route=%2Fwp%2Fv2%2Fcomments&post=61661"}],"version-history":[{"count":1,"href":"https:\/\/www.egemtv.com\/index.php?rest_route=\/wp\/v2\/posts\/61661\/revisions"}],"predecessor-version":[{"id":61663,"href":"https:\/\/www.egemtv.com\/index.php?rest_route=\/wp\/v2\/posts\/61661\/revisions\/61663"}],"wp:featuredmedia":[{"embeddable":true,"href":"https:\/\/www.egemtv.com\/index.php?rest_route=\/wp\/v2\/media\/61662"}],"wp:attachment":[{"href":"https:\/\/www.egemtv.com\/index.php?rest_route=%2Fwp%2Fv2%2Fmedia&parent=61661"}],"wp:term":[{"taxonomy":"category","embeddable":true,"href":"https:\/\/www.egemtv.com\/index.php?rest_route=%2Fwp%2Fv2%2Fcategories&post=61661"},{"taxonomy":"post_tag","embeddable":true,"href":"https:\/\/www.egemtv.com\/index.php?rest_route=%2Fwp%2Fv2%2Ftags&post=61661"}],"curies":[{"name":"wp","href":"https:\/\/api.w.org\/{rel}","templated":true}]}}