{"id":61655,"date":"2025-10-15T22:14:47","date_gmt":"2025-10-15T19:14:47","guid":{"rendered":"https:\/\/www.egemtv.com\/?p=61655"},"modified":"2025-10-15T22:14:51","modified_gmt":"2025-10-15T19:14:51","slug":"70-yasindaki-kocasinin-kursunlariyla-hasta-yataginda-can-verdi","status":"publish","type":"post","link":"https:\/\/www.egemtv.com\/?p=61655","title":{"rendered":"70 ya\u015f\u0131ndaki kocas\u0131n\u0131n kur\u015funlar\u0131yla hasta yata\u011f\u0131nda can verdi"},"content":{"rendered":"<p>\u0130zmir\u2019in Bornova il\u00e7esinde bir ki\u015fi, tart\u0131\u015ft\u0131\u011f\u0131 yatalak e\u015fini silahla vurarak \u00f6ld\u00fcrd\u00fc. Ka\u00e7an \u015f\u00fcpheli, polis ekiplerince k\u0131sa s\u00fcrede yakaland\u0131.<br \/>\n<br \/>Olay, saat 20.00 s\u0131ralar\u0131nda il\u00e7eye ba\u011fl\u0131 Rafetpa\u015fa Mahallesi\u2019nde meydana geldi. R.T. (70), hen\u00fcz belirlenemeyen bir nedenle yatalak oldu\u011fu \u00f6\u011frenilen e\u015fi \u0130zade Teker\u2019i (69) tabancayla vurdu. Silah seslerini duyan \u00e7evredekilerin ihbar\u0131 \u00fczerine b\u00f6lgeye \u00e7ok say\u0131da polis ve sa\u011fl\u0131k ekibi sevk edildi.<br \/>\n<br \/>Olay yerine gelen ekipler, \u0130zade Teker\u2019in ya\u015fam\u0131n\u0131 yitirdi\u011fini belirledi. Olayda kullan\u0131lan ruhsats\u0131z tabanca ele ge\u00e7irilirken, \u015f\u00fcpheli R.T. polis ekiplerince k\u0131sa s\u00fcrede yakalanarak g\u00f6zalt\u0131na al\u0131narak Asayi\u015f \u015eube M\u00fcd\u00fcrl\u00fc\u011f\u00fc Cinayet B\u00fcro Amirli\u011fine g\u00f6t\u00fcr\u00fcld\u00fc.<br \/>\n<br \/>Ya\u015fam\u0131n\u0131 yitiren kad\u0131n\u0131n cans\u0131z bedeni ise yap\u0131lan incelemenin ard\u0131ndan \u0130zmir Adli T\u0131p Kurumu morguna kald\u0131r\u0131ld\u0131.<br \/>\n<br \/>Olay ile ilgili soru\u015fturma ba\u015flat\u0131ld\u0131.<br \/><\/p>\n","protected":false},"excerpt":{"rendered":"<p>\u0130zmir\u2019in Bornova il\u00e7esinde bir ki\u015fi, tart\u0131\u015ft\u0131\u011f\u0131 yatalak e\u015fini silahla vurarak \u00f6ld\u00fcrd\u00fc. Ka\u00e7an \u015f\u00fcpheli, polis ekiplerince k\u0131sa s\u00fcrede yakaland\u0131. Olay, saat 20.00 s\u0131ralar\u0131nda il\u00e7eye ba\u011fl\u0131 Rafetpa\u015fa Mahallesi\u2019nde meydana geldi. R.T. (70), hen\u00fcz belirlenemeyen bir nedenle yatalak oldu\u011fu \u00f6\u011frenilen e\u015fi \u0130zade Teker\u2019i (69) tabancayla vurdu. Silah seslerini duyan \u00e7evredekilerin ihbar\u0131 \u00fczerine b\u00f6lgeye \u00e7ok say\u0131da polis ve sa\u011fl\u0131k&#8230;<\/p>\n","protected":false},"author":1,"featured_media":61656,"comment_status":"open","ping_status":"open","sticky":false,"template":"","format":"standard","meta":{"_crdt_document":"","footnotes":""},"categories":[5],"tags":[],"class_list":["post-61655","post","type-post","status-publish","format-standard","has-post-thumbnail","hentry","category-asayis"],"_links":{"self":[{"href":"https:\/\/www.egemtv.com\/index.php?rest_route=\/wp\/v2\/posts\/61655","targetHints":{"allow":["GET"]}}],"collection":[{"href":"https:\/\/www.egemtv.com\/index.php?rest_route=\/wp\/v2\/posts"}],"about":[{"href":"https:\/\/www.egemtv.com\/index.php?rest_route=\/wp\/v2\/types\/post"}],"author":[{"embeddable":true,"href":"https:\/\/www.egemtv.com\/index.php?rest_route=\/wp\/v2\/users\/1"}],"replies":[{"embeddable":true,"href":"https:\/\/www.egemtv.com\/index.php?rest_route=%2Fwp%2Fv2%2Fcomments&post=61655"}],"version-history":[{"count":1,"href":"https:\/\/www.egemtv.com\/index.php?rest_route=\/wp\/v2\/posts\/61655\/revisions"}],"predecessor-version":[{"id":61657,"href":"https:\/\/www.egemtv.com\/index.php?rest_route=\/wp\/v2\/posts\/61655\/revisions\/61657"}],"wp:featuredmedia":[{"embeddable":true,"href":"https:\/\/www.egemtv.com\/index.php?rest_route=\/wp\/v2\/media\/61656"}],"wp:attachment":[{"href":"https:\/\/www.egemtv.com\/index.php?rest_route=%2Fwp%2Fv2%2Fmedia&parent=61655"}],"wp:term":[{"taxonomy":"category","embeddable":true,"href":"https:\/\/www.egemtv.com\/index.php?rest_route=%2Fwp%2Fv2%2Fcategories&post=61655"},{"taxonomy":"post_tag","embeddable":true,"href":"https:\/\/www.egemtv.com\/index.php?rest_route=%2Fwp%2Fv2%2Ftags&post=61655"}],"curies":[{"name":"wp","href":"https:\/\/api.w.org\/{rel}","templated":true}]}}