{"id":61652,"date":"2025-10-15T22:14:42","date_gmt":"2025-10-15T19:14:42","guid":{"rendered":"https:\/\/www.egemtv.com\/?p=61652"},"modified":"2025-10-15T22:14:45","modified_gmt":"2025-10-15T19:14:45","slug":"kahvehanedeki-tartisma-disari-tasti-1-yarali","status":"publish","type":"post","link":"https:\/\/www.egemtv.com\/?p=61652","title":{"rendered":"Kahvehanedeki tart\u0131\u015fma d\u0131\u015far\u0131 ta\u015ft\u0131: 1 yaral\u0131"},"content":{"rendered":"<p>Ayd\u0131n\u2019\u0131n Efeler il\u00e7esinde bir kahvehanede 2 ki\u015fi aras\u0131nda \u00e7\u0131kan tart\u0131\u015fma kavgaya d\u00f6n\u00fc\u015f\u00fcrken, kahvehane \u00f6n\u00fcnde 1 ki\u015fi b\u0131\u00e7akla yaraland\u0131.<\/p>\n<p>Olay, Mimar Sinan Mahallesi \u00dcnal \u00d6zg\u00f6dek Bulvar\u0131 \u00fczerinde saat 21.00 s\u0131ralar\u0131nda meydana geldi. Edinilen bilgiye g\u00f6re, kahvehanede oturan iki ki\u015fi aras\u0131nda hen\u00fcz bilinmeyen bir nedenle tart\u0131\u015fma \u00e7\u0131kt\u0131. Tart\u0131\u015fma k\u0131sa s\u00fcrede b\u00fcy\u00fcyerek kavgaya d\u00f6n\u00fc\u015f\u00fcrken, kahvehane \u00f6n\u00fcnde E.K. isimli \u015fah\u0131s, H.T. taraf\u0131ndan b\u0131\u00e7akla baca\u011f\u0131ndan yaraland\u0131. Olay\u0131 g\u00f6ren vatanda\u015flar durumu 112 Acil \u00c7a\u011fr\u0131 Merkezi\u2019ne bildirdi. \u0130hbar \u00fczerine b\u00f6lgeye sa\u011fl\u0131k ve polis ekipleri sevk edildi. K\u0131sa s\u00fcrede olay yerine gelen sa\u011fl\u0131k ekipleri E.K.\u2019ye ilk m\u00fcdahaleyi yaparak ambulansla hastaneye kald\u0131rd\u0131. Polis ekipleri de olay\u0131n ard\u0131ndan kay\u0131plara kar\u0131\u015fan H.T.\u2019yi yakalamak i\u00e7in \u00e7al\u0131\u015fma ba\u015flatt\u0131.<\/p>\n<p>Olayla ilgili soru\u015fturma s\u00fcr\u00fcyor.<br \/><\/p>\n","protected":false},"excerpt":{"rendered":"<p>Ayd\u0131n\u2019\u0131n Efeler il\u00e7esinde bir kahvehanede 2 ki\u015fi aras\u0131nda \u00e7\u0131kan tart\u0131\u015fma kavgaya d\u00f6n\u00fc\u015f\u00fcrken, kahvehane \u00f6n\u00fcnde 1 ki\u015fi b\u0131\u00e7akla yaraland\u0131. Olay, Mimar Sinan Mahallesi \u00dcnal \u00d6zg\u00f6dek Bulvar\u0131 \u00fczerinde saat 21.00 s\u0131ralar\u0131nda meydana geldi. Edinilen bilgiye g\u00f6re, kahvehanede oturan iki ki\u015fi aras\u0131nda hen\u00fcz bilinmeyen bir nedenle tart\u0131\u015fma \u00e7\u0131kt\u0131. Tart\u0131\u015fma k\u0131sa s\u00fcrede b\u00fcy\u00fcyerek kavgaya d\u00f6n\u00fc\u015f\u00fcrken, kahvehane \u00f6n\u00fcnde E.K. isimli&#8230;<\/p>\n","protected":false},"author":1,"featured_media":61653,"comment_status":"open","ping_status":"open","sticky":false,"template":"","format":"standard","meta":{"_crdt_document":"","footnotes":""},"categories":[5],"tags":[],"class_list":["post-61652","post","type-post","status-publish","format-standard","has-post-thumbnail","hentry","category-asayis"],"_links":{"self":[{"href":"https:\/\/www.egemtv.com\/index.php?rest_route=\/wp\/v2\/posts\/61652","targetHints":{"allow":["GET"]}}],"collection":[{"href":"https:\/\/www.egemtv.com\/index.php?rest_route=\/wp\/v2\/posts"}],"about":[{"href":"https:\/\/www.egemtv.com\/index.php?rest_route=\/wp\/v2\/types\/post"}],"author":[{"embeddable":true,"href":"https:\/\/www.egemtv.com\/index.php?rest_route=\/wp\/v2\/users\/1"}],"replies":[{"embeddable":true,"href":"https:\/\/www.egemtv.com\/index.php?rest_route=%2Fwp%2Fv2%2Fcomments&post=61652"}],"version-history":[{"count":1,"href":"https:\/\/www.egemtv.com\/index.php?rest_route=\/wp\/v2\/posts\/61652\/revisions"}],"predecessor-version":[{"id":61654,"href":"https:\/\/www.egemtv.com\/index.php?rest_route=\/wp\/v2\/posts\/61652\/revisions\/61654"}],"wp:featuredmedia":[{"embeddable":true,"href":"https:\/\/www.egemtv.com\/index.php?rest_route=\/wp\/v2\/media\/61653"}],"wp:attachment":[{"href":"https:\/\/www.egemtv.com\/index.php?rest_route=%2Fwp%2Fv2%2Fmedia&parent=61652"}],"wp:term":[{"taxonomy":"category","embeddable":true,"href":"https:\/\/www.egemtv.com\/index.php?rest_route=%2Fwp%2Fv2%2Fcategories&post=61652"},{"taxonomy":"post_tag","embeddable":true,"href":"https:\/\/www.egemtv.com\/index.php?rest_route=%2Fwp%2Fv2%2Ftags&post=61652"}],"curies":[{"name":"wp","href":"https:\/\/api.w.org\/{rel}","templated":true}]}}