{"id":61646,"date":"2025-10-15T20:14:31","date_gmt":"2025-10-15T17:14:31","guid":{"rendered":"https:\/\/www.egemtv.com\/?p=61646"},"modified":"2025-10-15T20:14:32","modified_gmt":"2025-10-15T17:14:32","slug":"baskan-arikan-patlasalar-da-catlasalar-da-bu-hizmetler-aydina-gelecek","status":"publish","type":"post","link":"https:\/\/www.egemtv.com\/?p=61646","title":{"rendered":"Ba\u015fkan Ar\u0131kan: &#8220;Patlasalar da \u00e7atlasalar da bu hizmetler Ayd\u0131n\u2019a gelecek&#8221;"},"content":{"rendered":"<p>S\u00f6ke Belediye Ba\u015fkan\u0131 Dr. Mustafa \u0130berya Ar\u0131kan, baz\u0131 \u00e7evrelerin Ayd\u0131n\u2019a yap\u0131lan hizmet ve yat\u0131r\u0131mlardan rahats\u0131zl\u0131k duymas\u0131na sert s\u00f6zlerle tepki g\u00f6sterdi. Ba\u015fkan Ar\u0131kan, &#8220;Patlasalar da \u00e7atlasalar da bu hizmetler Ayd\u0131n\u2019a gelecek&#8221; ifadelerini kulland\u0131.<\/p>\n<p>Yapt\u0131\u011f\u0131 a\u00e7\u0131klamada ele\u015ftirilerin as\u0131ls\u0131z oldu\u011funu belirten Ba\u015fkan Ar\u0131kan, &#8220;Bir insan \u00e7evresine \u00e7ok fazla ahkam kesiyor ve herkese sald\u0131r\u0131yorsa, bilin ki kendi kusurlar\u0131ndan saklan\u0131yordur. Hayat\u0131nda hi\u00e7bir ba\u015far\u0131s\u0131 olmadan, sadece birilerinin eline ete\u011fine tutunarak bir yerlere gelenler en fazla dolgu malzemesi olarak kullan\u0131l\u0131rlar&#8221; dedi.<\/p>\n<p>Ar\u0131kan, Ayd\u0131n\u2019a gelen bakan ve b\u00fcrokratlar\u0131n ziyaretlerinden rahats\u0131z olanlara tepki g\u00f6stererek, &#8220;Kendi memleketinde, soka\u011f\u0131nda, \u00e7ar\u015f\u0131s\u0131nda dola\u015famayanlar ya da ayda y\u0131lda bir misafir gibi gelip gidenler Anla\u015f\u0131lan hala Br\u00fcksel\u2019de san\u0131yorlar kendilerini. \u0130limize gelen bakanlardan, b\u00fcrokratlardan rahats\u0131z olmu\u015flar. Hay\u0131rd\u0131r, neden rahats\u0131z oldunuz? Yeni yat\u0131r\u0131m ve projelerle Ayd\u0131n\u0131m\u0131za hizmet gelecek olmas\u0131 m\u0131 rahats\u0131z etti sizi; yoksa bu hizmetlerle birlikte bir dahaki se\u00e7imlerde kendinizi g\u00f6remeyece\u011finiz endi\u015fesi mi sard\u0131 i\u00e7inizi&#8221; diye konu\u015ftu.<\/p>\n<p>Ayd\u0131n\u2019a kazand\u0131r\u0131lacak projelere dikkat \u00e7eken Ba\u015fkan Ar\u0131kan, &#8220;Hem\u015fehrilerimiz kentsel d\u00f6n\u00fc\u015f\u00fcmle g\u00fcvenli konutlara kavu\u015facak; g\u00fc\u00e7lenen ula\u015f\u0131m altyap\u0131m\u0131z sayesinde sevdiklerine daha rahat ula\u015facak. Sosyal belediyecili\u011fimizi daha da g\u00fc\u00e7lendirerek kad\u0131nlar\u0131m\u0131za, \u00e7ocuklar\u0131m\u0131za ve engellilerimize yeni hizmet merkezleri kazand\u0131raca\u011f\u0131z. Biz ta\u015f \u00fcst\u00fcne ta\u015f koymaya devam edece\u011fiz&#8221; dedi.<\/p>\n<p>S\u00f6ke Belediye Ba\u015fkan\u0131 Ar\u0131kan a\u00e7\u0131klamas\u0131nda, &#8220;Bizler yedi yirmi d\u00f6rt bu \u015fehirde ya\u015f\u0131yoruz. Bu g\u00fczel \u015fehrin insan\u0131yla, \u00e7ar\u015f\u0131s\u0131yla, ovas\u0131yla, k\u00f6yl\u00fcs\u00fcyle hemhal olarak hizmet etmeye \u00e7al\u0131\u015f\u0131yoruz. Bizler Ayd\u0131n\u2019\u0131n hizmetkarlar\u0131y\u0131z; hem\u015fehrilerimizle bir ve beraberiz&#8221; ifadelerine yer verdi.<br \/><\/p>\n","protected":false},"excerpt":{"rendered":"<p>S\u00f6ke Belediye Ba\u015fkan\u0131 Dr. Mustafa \u0130berya Ar\u0131kan, baz\u0131 \u00e7evrelerin Ayd\u0131n\u2019a yap\u0131lan hizmet ve yat\u0131r\u0131mlardan rahats\u0131zl\u0131k duymas\u0131na sert s\u00f6zlerle tepki g\u00f6sterdi. Ba\u015fkan Ar\u0131kan, &#8220;Patlasalar da \u00e7atlasalar da bu hizmetler Ayd\u0131n\u2019a gelecek&#8221; ifadelerini kulland\u0131. Yapt\u0131\u011f\u0131 a\u00e7\u0131klamada ele\u015ftirilerin as\u0131ls\u0131z oldu\u011funu belirten Ba\u015fkan Ar\u0131kan, &#8220;Bir insan \u00e7evresine \u00e7ok fazla ahkam kesiyor ve herkese sald\u0131r\u0131yorsa, bilin ki kendi kusurlar\u0131ndan saklan\u0131yordur&#8230;.<\/p>\n","protected":false},"author":1,"featured_media":61647,"comment_status":"open","ping_status":"open","sticky":false,"template":"","format":"standard","meta":{"_crdt_document":"","footnotes":""},"categories":[127],"tags":[],"class_list":["post-61646","post","type-post","status-publish","format-standard","has-post-thumbnail","hentry","category-siyaset"],"_links":{"self":[{"href":"https:\/\/www.egemtv.com\/index.php?rest_route=\/wp\/v2\/posts\/61646","targetHints":{"allow":["GET"]}}],"collection":[{"href":"https:\/\/www.egemtv.com\/index.php?rest_route=\/wp\/v2\/posts"}],"about":[{"href":"https:\/\/www.egemtv.com\/index.php?rest_route=\/wp\/v2\/types\/post"}],"author":[{"embeddable":true,"href":"https:\/\/www.egemtv.com\/index.php?rest_route=\/wp\/v2\/users\/1"}],"replies":[{"embeddable":true,"href":"https:\/\/www.egemtv.com\/index.php?rest_route=%2Fwp%2Fv2%2Fcomments&post=61646"}],"version-history":[{"count":1,"href":"https:\/\/www.egemtv.com\/index.php?rest_route=\/wp\/v2\/posts\/61646\/revisions"}],"predecessor-version":[{"id":61648,"href":"https:\/\/www.egemtv.com\/index.php?rest_route=\/wp\/v2\/posts\/61646\/revisions\/61648"}],"wp:featuredmedia":[{"embeddable":true,"href":"https:\/\/www.egemtv.com\/index.php?rest_route=\/wp\/v2\/media\/61647"}],"wp:attachment":[{"href":"https:\/\/www.egemtv.com\/index.php?rest_route=%2Fwp%2Fv2%2Fmedia&parent=61646"}],"wp:term":[{"taxonomy":"category","embeddable":true,"href":"https:\/\/www.egemtv.com\/index.php?rest_route=%2Fwp%2Fv2%2Fcategories&post=61646"},{"taxonomy":"post_tag","embeddable":true,"href":"https:\/\/www.egemtv.com\/index.php?rest_route=%2Fwp%2Fv2%2Ftags&post=61646"}],"curies":[{"name":"wp","href":"https:\/\/api.w.org\/{rel}","templated":true}]}}