{"id":61643,"date":"2025-10-15T19:34:31","date_gmt":"2025-10-15T16:34:31","guid":{"rendered":"https:\/\/www.egemtv.com\/?p=61643"},"modified":"2025-10-15T19:34:33","modified_gmt":"2025-10-15T16:34:33","slug":"fethiyede-40-duzensiz-gocmen-ve-2-gocmen-kacakcisi-yakalandi","status":"publish","type":"post","link":"https:\/\/www.egemtv.com\/?p=61643","title":{"rendered":"Fethiye\u2019de 40 d\u00fczensiz g\u00f6\u00e7men ve 2 g\u00f6\u00e7men ka\u00e7ak\u00e7\u0131s\u0131 yakaland\u0131"},"content":{"rendered":"<p>Mu\u011fla\u2019n\u0131n Fethiye il\u00e7esinde kanara tekne bekleyen 9\u2019u \u00e7ocuk 40 d\u00fczensiz g\u00f6\u00e7men ve 2 g\u00f6\u00e7men ka\u00e7ak\u00e7\u0131l\u0131\u011f\u0131 \u015f\u00fcphelisi yakaland\u0131.<br \/>\n<br \/>Fethiye il\u00e7esi Yediburunlar mevkiinde bir grup d\u00fczensiz g\u00f6\u00e7men oldu\u011fu bilgisinin al\u0131nmas\u0131 \u00fczerine g\u00f6revlendirilen Sahil G\u00fcvenlik Botu, Sahil G\u00fcvenlik Kolluk Destek Timi (Fethiye\/Koldestim) ve Fethiye \u0130l\u00e7e Jandarma Komutanl\u0131\u011f\u0131 personeli ile m\u00fc\u015ftereken kara \u00fczerinde bulunan 31 d\u00fczensiz g\u00f6\u00e7men (beraberinde 9 \u00e7ocuk) ve 2 g\u00f6\u00e7men ka\u00e7ak\u00e7\u0131s\u0131 \u015f\u00fcphelisi yakaland\u0131.<br \/><\/p>\n","protected":false},"excerpt":{"rendered":"<p>Mu\u011fla\u2019n\u0131n Fethiye il\u00e7esinde kanara tekne bekleyen 9\u2019u \u00e7ocuk 40 d\u00fczensiz g\u00f6\u00e7men ve 2 g\u00f6\u00e7men ka\u00e7ak\u00e7\u0131l\u0131\u011f\u0131 \u015f\u00fcphelisi yakaland\u0131. Fethiye il\u00e7esi Yediburunlar mevkiinde bir grup d\u00fczensiz g\u00f6\u00e7men oldu\u011fu bilgisinin al\u0131nmas\u0131 \u00fczerine g\u00f6revlendirilen Sahil G\u00fcvenlik Botu, Sahil G\u00fcvenlik Kolluk Destek Timi (Fethiye\/Koldestim) ve Fethiye \u0130l\u00e7e Jandarma Komutanl\u0131\u011f\u0131 personeli ile m\u00fc\u015ftereken kara \u00fczerinde bulunan 31 d\u00fczensiz g\u00f6\u00e7men (beraberinde 9&#8230;<\/p>\n","protected":false},"author":1,"featured_media":61644,"comment_status":"open","ping_status":"open","sticky":false,"template":"","format":"standard","meta":{"_crdt_document":"","footnotes":""},"categories":[5],"tags":[],"class_list":["post-61643","post","type-post","status-publish","format-standard","has-post-thumbnail","hentry","category-asayis"],"_links":{"self":[{"href":"https:\/\/www.egemtv.com\/index.php?rest_route=\/wp\/v2\/posts\/61643","targetHints":{"allow":["GET"]}}],"collection":[{"href":"https:\/\/www.egemtv.com\/index.php?rest_route=\/wp\/v2\/posts"}],"about":[{"href":"https:\/\/www.egemtv.com\/index.php?rest_route=\/wp\/v2\/types\/post"}],"author":[{"embeddable":true,"href":"https:\/\/www.egemtv.com\/index.php?rest_route=\/wp\/v2\/users\/1"}],"replies":[{"embeddable":true,"href":"https:\/\/www.egemtv.com\/index.php?rest_route=%2Fwp%2Fv2%2Fcomments&post=61643"}],"version-history":[{"count":1,"href":"https:\/\/www.egemtv.com\/index.php?rest_route=\/wp\/v2\/posts\/61643\/revisions"}],"predecessor-version":[{"id":61645,"href":"https:\/\/www.egemtv.com\/index.php?rest_route=\/wp\/v2\/posts\/61643\/revisions\/61645"}],"wp:featuredmedia":[{"embeddable":true,"href":"https:\/\/www.egemtv.com\/index.php?rest_route=\/wp\/v2\/media\/61644"}],"wp:attachment":[{"href":"https:\/\/www.egemtv.com\/index.php?rest_route=%2Fwp%2Fv2%2Fmedia&parent=61643"}],"wp:term":[{"taxonomy":"category","embeddable":true,"href":"https:\/\/www.egemtv.com\/index.php?rest_route=%2Fwp%2Fv2%2Fcategories&post=61643"},{"taxonomy":"post_tag","embeddable":true,"href":"https:\/\/www.egemtv.com\/index.php?rest_route=%2Fwp%2Fv2%2Ftags&post=61643"}],"curies":[{"name":"wp","href":"https:\/\/api.w.org\/{rel}","templated":true}]}}