{"id":61640,"date":"2025-10-15T17:55:36","date_gmt":"2025-10-15T14:55:36","guid":{"rendered":"https:\/\/www.egemtv.com\/?p=61640"},"modified":"2025-10-15T17:55:38","modified_gmt":"2025-10-15T14:55:38","slug":"tavsanli-cevre-yolunda-aydinlatma-calismalari-suruyor","status":"publish","type":"post","link":"https:\/\/www.egemtv.com\/?p=61640","title":{"rendered":"Tav\u015fanl\u0131 \u00e7evre yolunda ayd\u0131nlatma \u00e7al\u0131\u015fmalar\u0131 s\u00fcr\u00fcyor"},"content":{"rendered":"<p>K\u00fctahya\u2019n\u0131n Tav\u015fanl\u0131 il\u00e7esinde, s\u00fcr\u00fcc\u00fclerin ve yolcular\u0131n g\u00fcvenli bir \u015fekilde seyahat etmesi amac\u0131yla \u00e7evre yolu ayd\u0131nlatma direklerinin bak\u0131m ve onar\u0131m \u00e7al\u0131\u015fmalar\u0131 h\u0131z kesmeden devam ediyor.<br \/>\n<br \/>Edinilen bilgilere g\u00f6re, yetkili ekipler \u00e7evre yolu \u00fczerindeki ayd\u0131nlatma direklerinin kontrollerini sa\u011flayarak, ar\u0131zal\u0131 veya bak\u0131ma ihtiya\u00e7 duyan direklere an\u0131nda m\u00fcdahale ediyor. Ger\u00e7ekle\u015ftirilen bak\u0131m ve onar\u0131m faaliyetleriyle, gece saatlerinde olu\u015fabilecek g\u00fcvenlik zafiyetlerinin \u00f6n\u00fcne ge\u00e7ilmesi ve trafik ak\u0131\u015f\u0131n\u0131n daha sa\u011fl\u0131kl\u0131 bir \u015fekilde s\u00fcrd\u00fcr\u00fclmesi ama\u00e7lan\u0131yor.<br \/>\n<br \/>\u00c7al\u0131\u015fmalar\u0131n, il\u00e7e halk\u0131 ve \u00e7evre yolunu kullanan s\u00fcr\u00fcc\u00fcler taraf\u0131ndan memnuniyetle kar\u015f\u0131land\u0131\u011f\u0131 \u00f6\u011frenildi. B\u00f6lgedeki esnaf ve vatanda\u015flar, ayd\u0131nlatma sistemlerinin d\u00fczenli olarak kontrol edilip bak\u0131m\u0131n\u0131n yap\u0131lmas\u0131n\u0131n, \u00f6zellikle k\u0131\u015f aylar\u0131nda ve gece saatlerinde yol g\u00fcvenli\u011fi a\u00e7\u0131s\u0131ndan b\u00fcy\u00fck \u00f6nem ta\u015f\u0131d\u0131\u011f\u0131n\u0131 belirtti.<br \/>\n<br \/>Ayd\u0131nlatma direklerin deki bu bak\u0131m faaliyetlerinin, Karayollar\u0131 B\u00f6lge M\u00fcd\u00fcrl\u00fc\u011f\u00fc ve Tav\u015fanl\u0131 Belediyesi i\u015f birli\u011fiyle ayn\u0131 g\u00fczergahta k\u0131sa bir s\u00fcre \u00f6nce ba\u015flat\u0131lan yol yenileme \u00e7al\u0131\u015fmalar\u0131yla e\u015f zamanl\u0131 olarak y\u00fcr\u00fct\u00fclmesi dikkat \u00e7ekiyor.<br \/><\/p>\n","protected":false},"excerpt":{"rendered":"<p>K\u00fctahya\u2019n\u0131n Tav\u015fanl\u0131 il\u00e7esinde, s\u00fcr\u00fcc\u00fclerin ve yolcular\u0131n g\u00fcvenli bir \u015fekilde seyahat etmesi amac\u0131yla \u00e7evre yolu ayd\u0131nlatma direklerinin bak\u0131m ve onar\u0131m \u00e7al\u0131\u015fmalar\u0131 h\u0131z kesmeden devam ediyor. Edinilen bilgilere g\u00f6re, yetkili ekipler \u00e7evre yolu \u00fczerindeki ayd\u0131nlatma direklerinin kontrollerini sa\u011flayarak, ar\u0131zal\u0131 veya bak\u0131ma ihtiya\u00e7 duyan direklere an\u0131nda m\u00fcdahale ediyor. Ger\u00e7ekle\u015ftirilen bak\u0131m ve onar\u0131m faaliyetleriyle, gece saatlerinde olu\u015fabilecek g\u00fcvenlik zafiyetlerinin&#8230;<\/p>\n","protected":false},"author":1,"featured_media":61641,"comment_status":"open","ping_status":"open","sticky":false,"template":"","format":"standard","meta":{"_crdt_document":"","footnotes":""},"categories":[1],"tags":[],"class_list":["post-61640","post","type-post","status-publish","format-standard","has-post-thumbnail","hentry","category-guncel"],"_links":{"self":[{"href":"https:\/\/www.egemtv.com\/index.php?rest_route=\/wp\/v2\/posts\/61640","targetHints":{"allow":["GET"]}}],"collection":[{"href":"https:\/\/www.egemtv.com\/index.php?rest_route=\/wp\/v2\/posts"}],"about":[{"href":"https:\/\/www.egemtv.com\/index.php?rest_route=\/wp\/v2\/types\/post"}],"author":[{"embeddable":true,"href":"https:\/\/www.egemtv.com\/index.php?rest_route=\/wp\/v2\/users\/1"}],"replies":[{"embeddable":true,"href":"https:\/\/www.egemtv.com\/index.php?rest_route=%2Fwp%2Fv2%2Fcomments&post=61640"}],"version-history":[{"count":1,"href":"https:\/\/www.egemtv.com\/index.php?rest_route=\/wp\/v2\/posts\/61640\/revisions"}],"predecessor-version":[{"id":61642,"href":"https:\/\/www.egemtv.com\/index.php?rest_route=\/wp\/v2\/posts\/61640\/revisions\/61642"}],"wp:featuredmedia":[{"embeddable":true,"href":"https:\/\/www.egemtv.com\/index.php?rest_route=\/wp\/v2\/media\/61641"}],"wp:attachment":[{"href":"https:\/\/www.egemtv.com\/index.php?rest_route=%2Fwp%2Fv2%2Fmedia&parent=61640"}],"wp:term":[{"taxonomy":"category","embeddable":true,"href":"https:\/\/www.egemtv.com\/index.php?rest_route=%2Fwp%2Fv2%2Fcategories&post=61640"},{"taxonomy":"post_tag","embeddable":true,"href":"https:\/\/www.egemtv.com\/index.php?rest_route=%2Fwp%2Fv2%2Ftags&post=61640"}],"curies":[{"name":"wp","href":"https:\/\/api.w.org\/{rel}","templated":true}]}}